{"id":21013,"date":"2020-04-22T14:17:13","date_gmt":"2020-04-22T17:17:13","guid":{"rendered":"https:\/\/blogs.correio24horas.com.br\/mesalte\/?p=21013"},"modified":"2020-04-22T14:17:15","modified_gmt":"2020-04-22T17:17:15","slug":"vereador-quer-proibir-cerimonias-de-casamentos-coletivos-lgbt-em-feira-de-santana-camara-derruba-projeto","status":"publish","type":"post","link":"https:\/\/blogs.correio24horas.com.br\/mesalte\/vereador-quer-proibir-cerimonias-de-casamentos-coletivos-lgbt-em-feira-de-santana-camara-derruba-projeto\/","title":{"rendered":"Vereador quer proibir cerim\u00f4nias de casamentos coletivos LGBT em Feira de Santana; C\u00e2mara derruba projeto"},"content":{"rendered":"\n<p>O mundo enfrenta uma pandemia de coronav\u00edrus que j\u00e1 matou milhares de pessoas. A cidade de Feira de Santana, na Bahia, foi a primeira a registar casos no estado. Mas, ao inv\u00e9s de focar a aten\u00e7\u00e3o no problema vereadores da cidade est\u00e3o investindo tempo para discutir projeto que pro\u00edbe a realiza\u00e7\u00e3o de cerim\u00f4nias de casamento coletivo, organizadas pelo poder p\u00fablico municipal de uni\u00e3o de pessoas do mesmo sexo nos templos religiosos<\/p>\n\n\n\n<p>A primeira discuss\u00e3o do projeto  de autoria do vereador Edvaldo Lima (MDB), aconteceu no dia 20 de abril. O texto foi aprovado no mesmo per\u00edodo em que a gest\u00e3o municipal discutia a reabertura do com\u00e9rcio na cidade diante da pandemia da covid-19. <\/p>\n\n\n\n<figure class=\"wp-block-image\"><img loading=\"lazy\" decoding=\"async\" width=\"800\" height=\"533\" src=\"https:\/\/blogs.correio24h.com.br\/mesalte\/wp-content\/uploads\/2020\/04\/vereador.jpg\" alt=\"\" class=\"wp-image-21014\" srcset=\"https:\/\/blogs.correio24h.com.br\/mesalte\/wp-content\/uploads\/2020\/04\/vereador.jpg 800w, https:\/\/blogs.correio24h.com.br\/mesalte\/wp-content\/uploads\/2020\/04\/vereador-300x200.jpg 300w, https:\/\/blogs.correio24h.com.br\/mesalte\/wp-content\/uploads\/2020\/04\/vereador-768x512.jpg 768w, https:\/\/blogs.correio24h.com.br\/mesalte\/wp-content\/uploads\/2020\/04\/vereador-219x146.jpg 219w, https:\/\/blogs.correio24h.com.br\/mesalte\/wp-content\/uploads\/2020\/04\/vereador-50x33.jpg 50w, https:\/\/blogs.correio24h.com.br\/mesalte\/wp-content\/uploads\/2020\/04\/vereador-113x75.jpg 113w\" sizes=\"auto, (max-width: 800px) 100vw, 800px\" \/><figcaption>Com m\u00e1scara no queixo, vereador defendeu aprova\u00e7\u00e3o do projeto \nFoto: Divulga\u00e7\u00e3o<\/figcaption><\/figure>\n\n\n\n<p>Na manh\u00e3 desta quarta-feira (22), a C\u00e2mara Municipal de Feira de Santana reprovou, em segunda discuss\u00e3o e por maioria dos presentes, o Projeto de Lei de n\u00ba 001\/2020, que pro\u00edbe nas cerim\u00f4nias de casamento coletivo, organizadas pela Prefeitura ou qualquer \u00f3rg\u00e3o da administra\u00e7\u00e3o p\u00fablica municipal, realizar a uni\u00e3o de pessoas do mesmo sexo nos templos religiosos.<\/p>\n\n\n\n<p>A mat\u00e9ria foi rejeitada com os votos contr\u00e1rios dos vereadores Roberto Tourinho (PSB), Pablo Roberto (DEM), Fabiano da Van (MDB), Gerusa Sampaio (DEM) e Jos\u00e9 Carneiro (MDB). <\/p>\n\n\n\n<p>Os vereadores Cadmiel Pereira (DEM), Isa\u00edas de Diogo (MDB), Eli Ribeiro (Republicano) e Edvaldo Lima (MDB) votaram favor\u00e1veis \u00e0 proposi\u00e7\u00e3o. <\/p>\n\n\n\n<p>J\u00e1 os vereadores Luiz da Feira (PROS), Z\u00e9 Fil\u00e9 (PSD), Lulinha (DEM) e Z\u00e9 Curuca (DEM) se abstiveram da vota\u00e7\u00e3o.<\/p>\n","protected":false},"excerpt":{"rendered":"<p>O mundo enfrenta uma pandemia de coronav\u00edrus que j\u00e1 matou milhares de pessoas. A cidade de Feira de Santana, na Bahia, foi a primeira a registar [&hellip;]<\/p>\n","protected":false},"author":1,"featured_media":0,"comment_status":"open","ping_status":"open","sticky":false,"template":"","format":"standard","meta":{"footnotes":""},"categories":[80],"tags":[],"class_list":["post-21013","post","type-post","status-publish","format-standard","hentry","category-home"],"_links":{"self":[{"href":"https:\/\/blogs.correio24horas.com.br\/mesalte\/wp-json\/wp\/v2\/posts\/21013","targetHints":{"allow":["GET"]}}],"collection":[{"href":"https:\/\/blogs.correio24horas.com.br\/mesalte\/wp-json\/wp\/v2\/posts"}],"about":[{"href":"https:\/\/blogs.correio24horas.com.br\/mesalte\/wp-json\/wp\/v2\/types\/post"}],"author":[{"embeddable":true,"href":"https:\/\/blogs.correio24horas.com.br\/mesalte\/wp-json\/wp\/v2\/users\/1"}],"replies":[{"embeddable":true,"href":"https:\/\/blogs.correio24horas.com.br\/mesalte\/wp-json\/wp\/v2\/comments?post=21013"}],"version-history":[{"count":1,"href":"https:\/\/blogs.correio24horas.com.br\/mesalte\/wp-json\/wp\/v2\/posts\/21013\/revisions"}],"predecessor-version":[{"id":21015,"href":"https:\/\/blogs.correio24horas.com.br\/mesalte\/wp-json\/wp\/v2\/posts\/21013\/revisions\/21015"}],"wp:attachment":[{"href":"https:\/\/blogs.correio24horas.com.br\/mesalte\/wp-json\/wp\/v2\/media?parent=21013"}],"wp:term":[{"taxonomy":"category","embeddable":true,"href":"https:\/\/blogs.correio24horas.com.br\/mesalte\/wp-json\/wp\/v2\/categories?post=21013"},{"taxonomy":"post_tag","embeddable":true,"href":"https:\/\/blogs.correio24horas.com.br\/mesalte\/wp-json\/wp\/v2\/tags?post=21013"}],"curies":[{"name":"wp","href":"https:\/\/api.w.org\/{rel}","templated":true}]}}