{"id":21010,"date":"2020-04-21T20:31:20","date_gmt":"2020-04-21T23:31:20","guid":{"rendered":"https:\/\/blogs.correio24horas.com.br\/mesalte\/?p=21010"},"modified":"2020-04-21T20:31:22","modified_gmt":"2020-04-21T23:31:22","slug":"curta-metragem-doido-lele-da-baiana-ceci-alves-e-exibido-no-festival-internacional-de-cinema-infantil","status":"publish","type":"post","link":"https:\/\/blogs.correio24horas.com.br\/mesalte\/curta-metragem-doido-lele-da-baiana-ceci-alves-e-exibido-no-festival-internacional-de-cinema-infantil\/","title":{"rendered":"Curta-metragem Doido Lel\u00e9, da baiana Ceci Alves, \u00e9 exibido no Festival Internacional de Cinema Infantil"},"content":{"rendered":"\n<p><strong><br><\/strong>O curta-metragem Doido Lel\u00e9, da cineasta baiana Ceci Alves, foi convidado pelo Festival Internacional de Cinema Infantil &#8211; FICI para ser exibido dentro da a\u00e7\u00e3o Filmoteca do FICI, que vai disponibilizar no site\u00a0<a rel=\"noreferrer noopener\" href=\"http:\/\/www.fici.com.br\/filmoteca\" target=\"_blank\">www.fici.com.br\/filmoteca<\/a>\u00a0alguns dos melhores filmes que j\u00e1 exibidos ao longo dos 18 anos do festival, dirigido pelas cineastas Carla Camurati e Carla Esmeralda.<\/p>\n\n\n\n<p>O filme, que comemora em 2020 dez anos de lan\u00e7amento, &nbsp;ficar\u00e1 dispon\u00edvel para visualiza\u00e7\u00e3o de quarta-feira (22) at\u00e9 segunda-feira (27). Com esta a\u00e7\u00e3o, o FICI visa difundir, nesse momento de pausa das salas de exibi\u00e7\u00e3o, conte\u00fados de excel\u00eancia para o p\u00fablico infantil de todo o Brasil, enquanto o pa\u00eds vive em per\u00edodo de isolamento social.<\/p>\n\n\n\n<p>Doido Lel\u00e9, que foi exibido na oitava edi\u00e7\u00e3o do FICI, em 2010, foi amplamente premiado em festivais no Brasil e exterior, e convidado pela \u00c9cole Sup\u00e9rieure d\u2019Audio-Visuel, de Toulouse, Fran\u00e7a, a participar do Short Film Corner, durante o 63\u00ba &nbsp;Festival de Cannes de 2010.<\/p>\n\n\n\n<p>\u201cO curta, que conta a hist\u00f3ria de Caetano, pobre e mesti\u00e7o que, na Salvador da d\u00e9cada de 50, sonha em ser cantor de r\u00e1dio, para deleite da m\u00e3e e contrariedade do pai. Ele foge todas as noites de casa para tentar, sem sucesso, a sorte no programa de calouros. At\u00e9 que, numa noite, ele aposta tudo numa louca, divertida e definitiva performance. Nada muito diferente se Caetano n\u00e3o fosse apenas um menino\u201d, explica Ceci, que faz anivers\u00e1rio nesta quarta, no mesmo dia em que o festival come\u00e7a.<\/p>\n\n\n\n<figure class=\"wp-block-embed-youtube wp-block-embed is-type-video is-provider-youtube wp-embed-aspect-4-3 wp-has-aspect-ratio\"><div class=\"wp-block-embed__wrapper\">\n<iframe loading=\"lazy\" title=\"Trailer Doido Lel\u00e9\" width=\"1200\" height=\"900\" src=\"https:\/\/www.youtube.com\/embed\/0_Zbzoau3WQ?feature=oembed\" frameborder=\"0\" allow=\"accelerometer; autoplay; encrypted-media; gyroscope; picture-in-picture\" allowfullscreen><\/iframe>\n<\/div><\/figure>\n","protected":false},"excerpt":{"rendered":"<p>O curta-metragem Doido Lel\u00e9, da cineasta baiana Ceci Alves, foi convidado pelo Festival Internacional de Cinema Infantil &#8211; FICI para ser exibido dentro da a\u00e7\u00e3o Filmoteca [&hellip;]<\/p>\n","protected":false},"author":1,"featured_media":21011,"comment_status":"open","ping_status":"open","sticky":false,"template":"","format":"standard","meta":{"footnotes":""},"categories":[28,80],"tags":[],"class_list":["post-21010","post","type-post","status-publish","format-standard","has-post-thumbnail","hentry","category-farofa-digital","category-home"],"_links":{"self":[{"href":"https:\/\/blogs.correio24horas.com.br\/mesalte\/wp-json\/wp\/v2\/posts\/21010","targetHints":{"allow":["GET"]}}],"collection":[{"href":"https:\/\/blogs.correio24horas.com.br\/mesalte\/wp-json\/wp\/v2\/posts"}],"about":[{"href":"https:\/\/blogs.correio24horas.com.br\/mesalte\/wp-json\/wp\/v2\/types\/post"}],"author":[{"embeddable":true,"href":"https:\/\/blogs.correio24horas.com.br\/mesalte\/wp-json\/wp\/v2\/users\/1"}],"replies":[{"embeddable":true,"href":"https:\/\/blogs.correio24horas.com.br\/mesalte\/wp-json\/wp\/v2\/comments?post=21010"}],"version-history":[{"count":1,"href":"https:\/\/blogs.correio24horas.com.br\/mesalte\/wp-json\/wp\/v2\/posts\/21010\/revisions"}],"predecessor-version":[{"id":21012,"href":"https:\/\/blogs.correio24horas.com.br\/mesalte\/wp-json\/wp\/v2\/posts\/21010\/revisions\/21012"}],"wp:featuredmedia":[{"embeddable":true,"href":"https:\/\/blogs.correio24horas.com.br\/mesalte\/wp-json\/wp\/v2\/media\/21011"}],"wp:attachment":[{"href":"https:\/\/blogs.correio24horas.com.br\/mesalte\/wp-json\/wp\/v2\/media?parent=21010"}],"wp:term":[{"taxonomy":"category","embeddable":true,"href":"https:\/\/blogs.correio24horas.com.br\/mesalte\/wp-json\/wp\/v2\/categories?post=21010"},{"taxonomy":"post_tag","embeddable":true,"href":"https:\/\/blogs.correio24horas.com.br\/mesalte\/wp-json\/wp\/v2\/tags?post=21010"}],"curies":[{"name":"wp","href":"https:\/\/api.w.org\/{rel}","templated":true}]}}