{"id":21005,"date":"2020-04-17T15:38:26","date_gmt":"2020-04-17T18:38:26","guid":{"rendered":"https:\/\/blogs.correio24horas.com.br\/mesalte\/?p=21005"},"modified":"2020-04-17T15:38:32","modified_gmt":"2020-04-17T18:38:32","slug":"fica-em-casa-vai-ter-live-da-pabllo-vittar","status":"publish","type":"post","link":"https:\/\/blogs.correio24horas.com.br\/mesalte\/fica-em-casa-vai-ter-live-da-pabllo-vittar\/","title":{"rendered":"Fica em casa! Vai ter live da Pabllo Vittar"},"content":{"rendered":"\n<p>J\u00e1 tem programa\u00e7\u00e3o pro #sextoudehoje em casa? Eu  j\u00e1 tenho e a minha tem nome e sobrenome: PABLLO VITTAR! A drag cantora maranhense promove nesta sexta-feira (17), em parceria com o aplicativo TikTok, uma live a partir das 19h. <\/p>\n\n\n\n<p>A live durar\u00e1 uma hora e ser\u00e1 de show e conversa com os f\u00e3s. \u00c9 a primeira live de show que Pabllo Vittar realiza neste per\u00edodo de isolamento social, em decorr\u00eancia da pandemia do coronav\u00edrus.  <\/p>\n\n\n\n<p>\u201c\u00c9 uma honra ser a primeira drag queen a fazer uma live no TikTok. Vai ter muita anima\u00e7\u00e3o, m\u00fasica, \u00e9 dia de sextar  junto! Quero ver todos os meus tiktokers interagindo comigo. A\u00ed que del\u00edcia passar esse tempo com voc\u00eas conversando e cantando\u201d, disse a cantora. <\/p>\n","protected":false},"excerpt":{"rendered":"<p>J\u00e1 tem programa\u00e7\u00e3o pro #sextoudehoje em casa? Eu j\u00e1 tenho e a minha tem nome e sobrenome: PABLLO VITTAR! A drag cantora maranhense promove nesta sexta-feira [&hellip;]<\/p>\n","protected":false},"author":1,"featured_media":21006,"comment_status":"open","ping_status":"open","sticky":false,"template":"","format":"standard","meta":{"footnotes":""},"categories":[80,26],"tags":[1470],"class_list":["post-21005","post","type-post","status-publish","format-standard","has-post-thumbnail","hentry","category-home","category-me-inspiro","tag-vittar"],"_links":{"self":[{"href":"https:\/\/blogs.correio24horas.com.br\/mesalte\/wp-json\/wp\/v2\/posts\/21005","targetHints":{"allow":["GET"]}}],"collection":[{"href":"https:\/\/blogs.correio24horas.com.br\/mesalte\/wp-json\/wp\/v2\/posts"}],"about":[{"href":"https:\/\/blogs.correio24horas.com.br\/mesalte\/wp-json\/wp\/v2\/types\/post"}],"author":[{"embeddable":true,"href":"https:\/\/blogs.correio24horas.com.br\/mesalte\/wp-json\/wp\/v2\/users\/1"}],"replies":[{"embeddable":true,"href":"https:\/\/blogs.correio24horas.com.br\/mesalte\/wp-json\/wp\/v2\/comments?post=21005"}],"version-history":[{"count":1,"href":"https:\/\/blogs.correio24horas.com.br\/mesalte\/wp-json\/wp\/v2\/posts\/21005\/revisions"}],"predecessor-version":[{"id":21007,"href":"https:\/\/blogs.correio24horas.com.br\/mesalte\/wp-json\/wp\/v2\/posts\/21005\/revisions\/21007"}],"wp:featuredmedia":[{"embeddable":true,"href":"https:\/\/blogs.correio24horas.com.br\/mesalte\/wp-json\/wp\/v2\/media\/21006"}],"wp:attachment":[{"href":"https:\/\/blogs.correio24horas.com.br\/mesalte\/wp-json\/wp\/v2\/media?parent=21005"}],"wp:term":[{"taxonomy":"category","embeddable":true,"href":"https:\/\/blogs.correio24horas.com.br\/mesalte\/wp-json\/wp\/v2\/categories?post=21005"},{"taxonomy":"post_tag","embeddable":true,"href":"https:\/\/blogs.correio24horas.com.br\/mesalte\/wp-json\/wp\/v2\/tags?post=21005"}],"curies":[{"name":"wp","href":"https:\/\/api.w.org\/{rel}","templated":true}]}}