{"id":21003,"date":"2020-04-15T19:59:56","date_gmt":"2020-04-15T22:59:56","guid":{"rendered":"https:\/\/blogs.correio24horas.com.br\/mesalte\/?p=21003"},"modified":"2020-04-15T19:59:59","modified_gmt":"2020-04-15T22:59:59","slug":"festival-san-island-weekend-com-ivete-e-adiado-para-2021-por-conta-do-coronavirus","status":"publish","type":"post","link":"https:\/\/blogs.correio24horas.com.br\/mesalte\/festival-san-island-weekend-com-ivete-e-adiado-para-2021-por-conta-do-coronavirus\/","title":{"rendered":"Festival San Island Weekend, com Ivete, \u00e9 adiado para 2021 por conta do coronav\u00edrus"},"content":{"rendered":"\n<p><\/p>\n\n\n\n<p>Previsto para acontecer em maio de 2020, o San Island Weekend (SIW) deste ano foi adiado para 2021. O an\u00fancio foi feito na noite desta quarta-feira (15) pelo grupo San Sebastian que produz o evento que ter\u00e1 nesta edi\u00e7\u00e3o Ivete Sangalo como atra\u00e7\u00e3o. <\/p>\n\n\n\n<p>O evento, que ocorreria em Jericoacora no Cear\u00e1, acontecer\u00e1 no mesmo local , mas entre os dias 21 e 23 de maio de 2021. <\/p>\n\n\n\n<p>&#8220;Ap\u00f3s negocia\u00e7\u00e3o com as 65 pousadas o nosso SIW j\u00e1 tem uma nova data.<br> Agradecemos quem est\u00e1 com a gente junto nessa, quem entende que estamos dando o nosso melhor e tomando decis\u00f5es dif\u00edceis em um momento mais dif\u00edcil ainda.  Isso tudo vai passar, e n\u00f3s vamos nos encontrar em Jeri. Mais do que isso, n\u00f3s seremos felizes em Jeri. All Together&#8221;, diz a empresa no comunicado. <\/p>\n\n\n\n<p>Detalhes sobre os pacotes j\u00e1 comprados est\u00e3o no site &#8211; www.sanislandweekend.com<\/p>\n\n\n\n<p><\/p>\n\n\n\n<figure class=\"wp-block-embed-instagram wp-block-embed is-type-rich is-provider-instagram\"><div class=\"wp-block-embed__wrapper\">\nhttps:\/\/www.instagram.com\/p\/B_BLvqFnrVT\/\n<\/div><\/figure>\n","protected":false},"excerpt":{"rendered":"<p>Previsto para acontecer em maio de 2020, o San Island Weekend (SIW) deste ano foi adiado para 2021. O an\u00fancio foi feito na noite desta quarta-feira [&hellip;]<\/p>\n","protected":false},"author":1,"featured_media":19405,"comment_status":"open","ping_status":"open","sticky":false,"template":"","format":"standard","meta":{"footnotes":""},"categories":[28,80],"tags":[],"class_list":["post-21003","post","type-post","status-publish","format-standard","has-post-thumbnail","hentry","category-farofa-digital","category-home"],"_links":{"self":[{"href":"https:\/\/blogs.correio24horas.com.br\/mesalte\/wp-json\/wp\/v2\/posts\/21003","targetHints":{"allow":["GET"]}}],"collection":[{"href":"https:\/\/blogs.correio24horas.com.br\/mesalte\/wp-json\/wp\/v2\/posts"}],"about":[{"href":"https:\/\/blogs.correio24horas.com.br\/mesalte\/wp-json\/wp\/v2\/types\/post"}],"author":[{"embeddable":true,"href":"https:\/\/blogs.correio24horas.com.br\/mesalte\/wp-json\/wp\/v2\/users\/1"}],"replies":[{"embeddable":true,"href":"https:\/\/blogs.correio24horas.com.br\/mesalte\/wp-json\/wp\/v2\/comments?post=21003"}],"version-history":[{"count":1,"href":"https:\/\/blogs.correio24horas.com.br\/mesalte\/wp-json\/wp\/v2\/posts\/21003\/revisions"}],"predecessor-version":[{"id":21004,"href":"https:\/\/blogs.correio24horas.com.br\/mesalte\/wp-json\/wp\/v2\/posts\/21003\/revisions\/21004"}],"wp:featuredmedia":[{"embeddable":true,"href":"https:\/\/blogs.correio24horas.com.br\/mesalte\/wp-json\/wp\/v2\/media\/19405"}],"wp:attachment":[{"href":"https:\/\/blogs.correio24horas.com.br\/mesalte\/wp-json\/wp\/v2\/media?parent=21003"}],"wp:term":[{"taxonomy":"category","embeddable":true,"href":"https:\/\/blogs.correio24horas.com.br\/mesalte\/wp-json\/wp\/v2\/categories?post=21003"},{"taxonomy":"post_tag","embeddable":true,"href":"https:\/\/blogs.correio24horas.com.br\/mesalte\/wp-json\/wp\/v2\/tags?post=21003"}],"curies":[{"name":"wp","href":"https:\/\/api.w.org\/{rel}","templated":true}]}}