{"id":20971,"date":"2020-04-10T21:00:42","date_gmt":"2020-04-11T00:00:42","guid":{"rendered":"https:\/\/blogs.correio24horas.com.br\/mesalte\/?p=20971"},"modified":"2020-04-10T21:20:39","modified_gmt":"2020-04-11T00:20:39","slug":"humorista-marcelo-adnet-revela-que-foi-abusado-sexualmente-na-infancia-pesadelo","status":"publish","type":"post","link":"https:\/\/blogs.correio24horas.com.br\/mesalte\/humorista-marcelo-adnet-revela-que-foi-abusado-sexualmente-na-infancia-pesadelo\/","title":{"rendered":"Humorista Marcelo Adnet revela que foi abusado sexualmente na inf\u00e2ncia: &#8216;pesadelo&#8217;"},"content":{"rendered":"\n<p>O humorista Marcelo Adnet revelou em entrevista <a href=\"https:\/\/veja.abril.com.br\/paginas-amarelas\/marcelo-adnet-revela-ter-sofrido-abuso-sexual-na-infancia-fica-o-trauma\/\">publicada nesta sexta-feira (10) pela revista Veja<\/a> que foi abusado sexualmente por dois homens durante a inf\u00e2ncia. <\/p>\n\n\n\n<p>Segundo relatou na entrevista os crimes foram cometidos por um caseiro e outro por um amigo da fam\u00edlia. Os dois abusos aconteceram quando ele tinha menos de 11 anos. <\/p>\n\n\n\n<blockquote class=\"wp-block-quote is-layout-flow wp-block-quote-is-layout-flow\"><p>\u201cFui abusado sexualmente duas vezes, aos 7 e aos 11 anos. Na primeira, nem sabia o que era sexo. O caseiro do lugar onde eu passava as f\u00e9rias come\u00e7ou a se aproximar de mim e pedir favores. Ele me chantageava dizendo que, se contasse algo a qualquer pessoa, meu cachorro morreria. Eu era muito ing\u00eanuo (&#8230;)  Um dia, quando s\u00f3 est\u00e1vamos eu e ele em casa, foi para cima de mim. Senti uma dor imensa, mas durou pouco porque meus parentes, que tinham ido ao mercado, voltaram para buscar a carteira\u201d, explicou. <\/p><\/blockquote>\n\n\n\n<p>Em outro trecho da entrevista ele relatou que o segundo abuso aconteceu. O agressor foi um amigo da sua fam\u00edlia. \u201cMais tarde, o pesadelo se repetiu com um amigo mais velho da fam\u00edlia. Ele n\u00e3o chegou a consumar o ato, como o caseiro, mas me beijou e passou a m\u00e3o no meu corpo. Foram dois epis\u00f3dios dif\u00edceis\u201d, revelou o humorista. <\/p>\n\n\n\n<p>Adnet, que nunca havia falado do assunto publicamente, destacou que  foi preciso fazer terapia para lidar com o trauma. <\/p>\n\n\n\n<p>\u201cPara se ter uma ideia, s\u00f3 depois da morte desse conhecido da casa, h\u00e1 cerca de dez anos, consegui contar \u00e0 minha fam\u00edlia. Hoje, j\u00e1 falo de maneira natural porque entendi, ap\u00f3s anos de an\u00e1lise, que o constrangimento n\u00e3o \u00e9 meu, e sim de quem me abusou. O que fica disso \u00e9 o susto, o trauma, a desconfian\u00e7a\u201d, completou o humorista. <\/p>\n","protected":false},"excerpt":{"rendered":"<p>O humorista Marcelo Adnet revelou em entrevista publicada nesta sexta-feira (10) pela revista Veja que foi abusado sexualmente por dois homens durante a inf\u00e2ncia. Segundo relatou [&hellip;]<\/p>\n","protected":false},"author":1,"featured_media":20972,"comment_status":"open","ping_status":"open","sticky":false,"template":"","format":"standard","meta":{"footnotes":""},"categories":[80,11],"tags":[],"class_list":["post-20971","post","type-post","status-publish","format-standard","has-post-thumbnail","hentry","category-home","category-me-informo"],"_links":{"self":[{"href":"https:\/\/blogs.correio24horas.com.br\/mesalte\/wp-json\/wp\/v2\/posts\/20971","targetHints":{"allow":["GET"]}}],"collection":[{"href":"https:\/\/blogs.correio24horas.com.br\/mesalte\/wp-json\/wp\/v2\/posts"}],"about":[{"href":"https:\/\/blogs.correio24horas.com.br\/mesalte\/wp-json\/wp\/v2\/types\/post"}],"author":[{"embeddable":true,"href":"https:\/\/blogs.correio24horas.com.br\/mesalte\/wp-json\/wp\/v2\/users\/1"}],"replies":[{"embeddable":true,"href":"https:\/\/blogs.correio24horas.com.br\/mesalte\/wp-json\/wp\/v2\/comments?post=20971"}],"version-history":[{"count":6,"href":"https:\/\/blogs.correio24horas.com.br\/mesalte\/wp-json\/wp\/v2\/posts\/20971\/revisions"}],"predecessor-version":[{"id":20978,"href":"https:\/\/blogs.correio24horas.com.br\/mesalte\/wp-json\/wp\/v2\/posts\/20971\/revisions\/20978"}],"wp:featuredmedia":[{"embeddable":true,"href":"https:\/\/blogs.correio24horas.com.br\/mesalte\/wp-json\/wp\/v2\/media\/20972"}],"wp:attachment":[{"href":"https:\/\/blogs.correio24horas.com.br\/mesalte\/wp-json\/wp\/v2\/media?parent=20971"}],"wp:term":[{"taxonomy":"category","embeddable":true,"href":"https:\/\/blogs.correio24horas.com.br\/mesalte\/wp-json\/wp\/v2\/categories?post=20971"},{"taxonomy":"post_tag","embeddable":true,"href":"https:\/\/blogs.correio24horas.com.br\/mesalte\/wp-json\/wp\/v2\/tags?post=20971"}],"curies":[{"name":"wp","href":"https:\/\/api.w.org\/{rel}","templated":true}]}}