{"id":20935,"date":"2020-03-20T13:54:40","date_gmt":"2020-03-20T16:54:40","guid":{"rendered":"https:\/\/blogs.correio24horas.com.br\/mesalte\/?p=20935"},"modified":"2020-03-20T13:54:41","modified_gmt":"2020-03-20T16:54:41","slug":"coronavirus-e-hiv-o-que-muda","status":"publish","type":"post","link":"https:\/\/blogs.correio24horas.com.br\/mesalte\/coronavirus-e-hiv-o-que-muda\/","title":{"rendered":"Coronav\u00edrus e HIV: o que muda?"},"content":{"rendered":"\n<p>O Departamento de Doen\u00e7as de Condi\u00e7\u00f5es Cr\u00f4nicas e Infec\u00e7\u00f5es Sexualmente Transmiss\u00edveis, do Minist\u00e9rio da Sa\u00fade, informou nesta ter\u00e7a-feira (17) que n\u00e3o h\u00e1 recomenda\u00e7\u00f5es espec\u00edficas para preven\u00e7\u00e3o do Covid-19 para pessoas vivendo com HIV\/aids. <\/p>\n\n\n\n<p>Em nota, o governo explicou que \u00e9 aplic\u00e1vel todas as medidas j\u00e1 recomendadas pelas autoridades de sa\u00fade, como a higiene frequente das m\u00e3os com \u00e1gua e sab\u00e3o ou \u00e1lcool-gel (70%), evitar tocar olhos, nariz e boca, evitar contato com pessoas doentes, cobrir boca e nariz ao tossir ou espirrar, com o cotovelo flexionado ou um len\u00e7o descart\u00e1vel, ficar em casa e evitar contato com pessoas quando estiver doente e limpar e desinfetar objetos e superf\u00edcies tocados com frequ\u00eancia.<\/p>\n\n\n\n<p>Para reduzir a circula\u00e7\u00e3o de indiv\u00edduos em servi\u00e7os de sa\u00fade, a recomenda\u00e7\u00e3o \u00e9 para que a dispensa\u00e7\u00e3o de terapia antirretroviral seja ampliada, sempre que poss\u00edvel, para at\u00e9 tr\u00eas meses, especialmente, para indiv\u00edduos com CD4 abaixo de 500. Al\u00e9m disso, as consultas tamb\u00e9m dever\u00e3o ser espa\u00e7adas, sempre que as condi\u00e7\u00f5es cl\u00ednicas permitirem.<\/p>\n\n\n\n<p>A nota informa que a validade dos formul\u00e1rios de dispensa\u00e7\u00e3o de medicamentos antirretrovirais para tratamento est\u00e1 automaticamente ampliada no Siclom para mais 90 dias, mantendo a mesma indica\u00e7\u00e3o terap\u00eautica, sem a necessidade de novo formul\u00e1rio.<\/p>\n\n\n\n<p>O Departamento reiterou ainda a import\u00e2ncia da imuniza\u00e7\u00e3o para influenza e pneumococos, de acordo com o preconizado no Protocolo Cl\u00ednico e Diretrizes Terap\u00eauticas de Manejo da infec\u00e7\u00e3o pelo HIV, independentemente da contagem de linf\u00f3citos T CD4. A vacina\u00e7\u00e3o tem o objetivo de redu\u00e7\u00e3o do n\u00famero de sintom\u00e1ticos respirat\u00f3rios e est\u00e1 contraindicada naqueles casos com hist\u00f3ria previa de rea\u00e7\u00e3o de anafilaxia a vacina.<\/p>\n\n\n\n<p>Sobre a Profilaxia Pr\u00e9-Exposi\u00e7\u00e3o (PrEP), o governo orientou que as dispensa\u00e7\u00f5es sejam para at\u00e9 4 meses, considerando os estoques dispon\u00edveis nos estados.<\/p>\n\n\n\n<p>Leia a seguir na \u00edntegra:<\/p>\n\n\n\n<figure class=\"wp-block-image\"><img decoding=\"async\" src=\"https:\/\/agenciaaids.com.br\/site\/wp-content\/uploads\/2020\/03\/0001-724x1024.jpg\" alt=\"\" class=\"wp-image-63275\"\/><\/figure>\n\n\n\n<figure class=\"wp-block-image\"><img decoding=\"async\" src=\"https:\/\/agenciaaids.com.br\/site\/wp-content\/uploads\/2020\/03\/0002-724x1024.jpg\" alt=\"\" class=\"wp-image-63276\"\/><\/figure>\n","protected":false},"excerpt":{"rendered":"<p>O Departamento de Doen\u00e7as de Condi\u00e7\u00f5es Cr\u00f4nicas e Infec\u00e7\u00f5es Sexualmente Transmiss\u00edveis, do Minist\u00e9rio da Sa\u00fade, informou nesta ter\u00e7a-feira (17) que n\u00e3o h\u00e1 recomenda\u00e7\u00f5es espec\u00edficas para preven\u00e7\u00e3o [&hellip;]<\/p>\n","protected":false},"author":1,"featured_media":5291,"comment_status":"open","ping_status":"open","sticky":false,"template":"","format":"standard","meta":{"footnotes":""},"categories":[80,24],"tags":[1988,1987],"class_list":["post-20935","post","type-post","status-publish","format-standard","has-post-thumbnail","hentry","category-home","category-me-cuido","tag-corona","tag-coronavirus"],"_links":{"self":[{"href":"https:\/\/blogs.correio24horas.com.br\/mesalte\/wp-json\/wp\/v2\/posts\/20935","targetHints":{"allow":["GET"]}}],"collection":[{"href":"https:\/\/blogs.correio24horas.com.br\/mesalte\/wp-json\/wp\/v2\/posts"}],"about":[{"href":"https:\/\/blogs.correio24horas.com.br\/mesalte\/wp-json\/wp\/v2\/types\/post"}],"author":[{"embeddable":true,"href":"https:\/\/blogs.correio24horas.com.br\/mesalte\/wp-json\/wp\/v2\/users\/1"}],"replies":[{"embeddable":true,"href":"https:\/\/blogs.correio24horas.com.br\/mesalte\/wp-json\/wp\/v2\/comments?post=20935"}],"version-history":[{"count":1,"href":"https:\/\/blogs.correio24horas.com.br\/mesalte\/wp-json\/wp\/v2\/posts\/20935\/revisions"}],"predecessor-version":[{"id":20936,"href":"https:\/\/blogs.correio24horas.com.br\/mesalte\/wp-json\/wp\/v2\/posts\/20935\/revisions\/20936"}],"wp:featuredmedia":[{"embeddable":true,"href":"https:\/\/blogs.correio24horas.com.br\/mesalte\/wp-json\/wp\/v2\/media\/5291"}],"wp:attachment":[{"href":"https:\/\/blogs.correio24horas.com.br\/mesalte\/wp-json\/wp\/v2\/media?parent=20935"}],"wp:term":[{"taxonomy":"category","embeddable":true,"href":"https:\/\/blogs.correio24horas.com.br\/mesalte\/wp-json\/wp\/v2\/categories?post=20935"},{"taxonomy":"post_tag","embeddable":true,"href":"https:\/\/blogs.correio24horas.com.br\/mesalte\/wp-json\/wp\/v2\/tags?post=20935"}],"curies":[{"name":"wp","href":"https:\/\/api.w.org\/{rel}","templated":true}]}}