{"id":20921,"date":"2020-03-11T10:49:31","date_gmt":"2020-03-11T13:49:31","guid":{"rendered":"https:\/\/blogs.correio24horas.com.br\/mesalte\/?p=20921"},"modified":"2020-03-11T10:49:33","modified_gmt":"2020-03-11T13:49:33","slug":"livro-ventania-pra-oya-com-fotos-e-poesias-para-yansa-e-lancado-em-salvador","status":"publish","type":"post","link":"https:\/\/blogs.correio24horas.com.br\/mesalte\/livro-ventania-pra-oya-com-fotos-e-poesias-para-yansa-e-lancado-em-salvador\/","title":{"rendered":"Livro Ventania pra Oy\u00e1 com fotos e poesias para Yans\u00e3 \u00e9 lan\u00e7ado em Salvador"},"content":{"rendered":"\n<p>Acontecer\u00e1 nesta quarta-feira (11), em Salvador,  o lan\u00e7amento do livro &#8220;Ventania pra Oy\u00e1&#8221;, um projeto do poeta Alexandre Careca em parceria com a fot\u00f3grafa Adeloy\u00e1 Magnoni, fotoativista radicada h\u00e1 12 anos em Salvador e amplamente reconhecida pelas fotos de extrema sensibilidade dos rituais de candombl\u00e9.<\/p>\n\n\n\n<p>O lan\u00e7amento acontecer\u00e1  na Livraria Cultura do Salvador Shopping a partir das 18h30. <\/p>\n\n\n\n<figure class=\"wp-block-image\"><img loading=\"lazy\" decoding=\"async\" width=\"680\" height=\"1024\" src=\"https:\/\/blogs.correio24h.com.br\/mesalte\/wp-content\/uploads\/2020\/03\/dea-680x1024.jpg\" alt=\"\" class=\"wp-image-20923\" srcset=\"https:\/\/blogs.correio24h.com.br\/mesalte\/wp-content\/uploads\/2020\/03\/dea-680x1024.jpg 680w, https:\/\/blogs.correio24h.com.br\/mesalte\/wp-content\/uploads\/2020\/03\/dea-199x300.jpg 199w, https:\/\/blogs.correio24h.com.br\/mesalte\/wp-content\/uploads\/2020\/03\/dea-768x1157.jpg 768w, https:\/\/blogs.correio24h.com.br\/mesalte\/wp-content\/uploads\/2020\/03\/dea-97x146.jpg 97w, https:\/\/blogs.correio24h.com.br\/mesalte\/wp-content\/uploads\/2020\/03\/dea-33x50.jpg 33w, https:\/\/blogs.correio24h.com.br\/mesalte\/wp-content\/uploads\/2020\/03\/dea-50x75.jpg 50w, https:\/\/blogs.correio24h.com.br\/mesalte\/wp-content\/uploads\/2020\/03\/dea.jpg 850w\" sizes=\"auto, (max-width: 680px) 100vw, 680px\" \/><\/figure>\n\n\n\n<p>Lan\u00e7ado pela Editora Aruanda, \u00e9 um livro delicado, composto por 70 poesias em homenagem a&nbsp;Oy\u00e1 e ilustrado com fotos de diversas Yans\u00e3s dos terreiros da Bahia, exaltando a beleza das religi\u00f5es de matrizes africanas e toda diversidade de express\u00f5es dessa que \u00e9 uma das mais conhecidas e reverenciadas Orix\u00e1s.<\/p>\n\n\n\n<p>&#8220;Eu acredito na arte como um portal que leva a beleza da minha religi\u00e3o para dentro do universo das mais variadas pessoas e as toca gentilmente com o encanto dos Orix\u00e1s, um eb\u00f3 de bons press\u00e1gios para confrontar o racismo religioso e todo preconceito.&#8221;, ressalta a fot\u00f3grafa.<\/p>\n","protected":false},"excerpt":{"rendered":"<p>Acontecer\u00e1 nesta quarta-feira (11), em Salvador, o lan\u00e7amento do livro &#8220;Ventania pra Oy\u00e1&#8221;, um projeto do poeta Alexandre Careca em parceria com a fot\u00f3grafa Adeloy\u00e1 Magnoni, [&hellip;]<\/p>\n","protected":false},"author":1,"featured_media":20922,"comment_status":"open","ping_status":"open","sticky":false,"template":"","format":"standard","meta":{"footnotes":""},"categories":[80,9],"tags":[],"class_list":["post-20921","post","type-post","status-publish","format-standard","has-post-thumbnail","hentry","category-home","category-me-orgulho"],"_links":{"self":[{"href":"https:\/\/blogs.correio24horas.com.br\/mesalte\/wp-json\/wp\/v2\/posts\/20921","targetHints":{"allow":["GET"]}}],"collection":[{"href":"https:\/\/blogs.correio24horas.com.br\/mesalte\/wp-json\/wp\/v2\/posts"}],"about":[{"href":"https:\/\/blogs.correio24horas.com.br\/mesalte\/wp-json\/wp\/v2\/types\/post"}],"author":[{"embeddable":true,"href":"https:\/\/blogs.correio24horas.com.br\/mesalte\/wp-json\/wp\/v2\/users\/1"}],"replies":[{"embeddable":true,"href":"https:\/\/blogs.correio24horas.com.br\/mesalte\/wp-json\/wp\/v2\/comments?post=20921"}],"version-history":[{"count":1,"href":"https:\/\/blogs.correio24horas.com.br\/mesalte\/wp-json\/wp\/v2\/posts\/20921\/revisions"}],"predecessor-version":[{"id":20924,"href":"https:\/\/blogs.correio24horas.com.br\/mesalte\/wp-json\/wp\/v2\/posts\/20921\/revisions\/20924"}],"wp:featuredmedia":[{"embeddable":true,"href":"https:\/\/blogs.correio24horas.com.br\/mesalte\/wp-json\/wp\/v2\/media\/20922"}],"wp:attachment":[{"href":"https:\/\/blogs.correio24horas.com.br\/mesalte\/wp-json\/wp\/v2\/media?parent=20921"}],"wp:term":[{"taxonomy":"category","embeddable":true,"href":"https:\/\/blogs.correio24horas.com.br\/mesalte\/wp-json\/wp\/v2\/categories?post=20921"},{"taxonomy":"post_tag","embeddable":true,"href":"https:\/\/blogs.correio24horas.com.br\/mesalte\/wp-json\/wp\/v2\/tags?post=20921"}],"curies":[{"name":"wp","href":"https:\/\/api.w.org\/{rel}","templated":true}]}}