{"id":20896,"date":"2020-03-04T21:47:49","date_gmt":"2020-03-05T00:47:49","guid":{"rendered":"https:\/\/blogs.correio24horas.com.br\/mesalte\/?p=20896"},"modified":"2020-03-07T11:52:44","modified_gmt":"2020-03-07T14:52:44","slug":"drags-encenam-temporada-do-espetaculo-toda-bixa-baiana","status":"publish","type":"post","link":"https:\/\/blogs.correio24horas.com.br\/mesalte\/drags-encenam-temporada-do-espetaculo-toda-bixa-baiana\/","title":{"rendered":"Drags encenam temporada do espet\u00e1culo Toda Bixa Baiana"},"content":{"rendered":"\n<p>Durante todos os s\u00e1bados do m\u00eas de mar\u00e7o acontecer\u00e1 no Teatro Gamboa Nova, no Largo dos Aflitos, a exibi\u00e7\u00e3o do espet\u00e1culo Toda Bica Baiana. <\/p>\n\n\n\n<p>Parodiando a frase Toda Menina Baiana (da can\u00e7\u00e3o de Gilberto Gil)  o espet\u00e1culo re\u00fane quatro drags no palco. Ser\u00e3o duas sess\u00f5es di\u00e1rias: \u00e0s 17h e \u00e0s 19h. Os ingressos custam R$ 10 (meia).<\/p>\n\n\n\n<p>&#8220;Toda hist\u00f3ria \u00e9 contada por Binha, uma bixa que passa rifa para sobreviver;  muito guerreira a bicha preta e perif\u00e9rica vive enfrentando diversos preconceitos . Afeminada desde crian\u00e7a lida com muito humor os problemas da sua vida, principalmente pela sua sexualidade e seu modo de ser.  Moradora do centro da cidade  sonha em ser uma grande diva da cena Drag local fan\u00e1tica pela rainha do ax\u00e9 music, Daniela Mercury, e  sua grande diva e inspira\u00e7\u00e3o do transformismo  Valerie O&#8217;rarah a qual ela sonha em ser sua madrinha drag&#8221;, explica o ator Vagner Cerqueira, que vive a drag Ferah Sunshine. <\/p>\n\n\n\n<p>No palco, s\u00e3o quatro drags  de diferentes perfis que, de uma forma leve e descontra\u00edda, abordam assuntos que envolve a comunidade LGBT  desde religi\u00e3o de matriz africana ao show business drag queen. <\/p>\n\n\n\n<p>Classifica\u00e7\u00e3o 16 anos<\/p>\n\n\n\n<p>FICHA T\u00c9CNICA<br> VAGNER CERQUEIRA (FERAH SUNHSINE) \u2013ATOR<br> JUNIOR CASTRO (MELANIE MASON)- ATOR<br> ELIESER LIMA (SAPHYRA  LUZZ)-  ATOR<br> C\u00c1SSIO MURILO (LOLA APPLE) &#8211; ATOR<br> ICARO OLIVEIRA- PRODU\u00c7\u00c3O    <br> FELIPE ALMEIDA- PRODU\u00c7AO<br> DJ UESS \u2013SOM &amp; ILUMINA\u00c7\u00c3O<\/p>\n","protected":false},"excerpt":{"rendered":"<p>Durante todos os s\u00e1bados do m\u00eas de mar\u00e7o acontecer\u00e1 no Teatro Gamboa Nova, no Largo dos Aflitos, a exibi\u00e7\u00e3o do espet\u00e1culo Toda Bica Baiana. Parodiando a [&hellip;]<\/p>\n","protected":false},"author":1,"featured_media":17518,"comment_status":"open","ping_status":"open","sticky":false,"template":"","format":"standard","meta":{"footnotes":""},"categories":[80,25],"tags":[],"class_list":["post-20896","post","type-post","status-publish","format-standard","has-post-thumbnail","hentry","category-home","category-me-transformo"],"_links":{"self":[{"href":"https:\/\/blogs.correio24horas.com.br\/mesalte\/wp-json\/wp\/v2\/posts\/20896","targetHints":{"allow":["GET"]}}],"collection":[{"href":"https:\/\/blogs.correio24horas.com.br\/mesalte\/wp-json\/wp\/v2\/posts"}],"about":[{"href":"https:\/\/blogs.correio24horas.com.br\/mesalte\/wp-json\/wp\/v2\/types\/post"}],"author":[{"embeddable":true,"href":"https:\/\/blogs.correio24horas.com.br\/mesalte\/wp-json\/wp\/v2\/users\/1"}],"replies":[{"embeddable":true,"href":"https:\/\/blogs.correio24horas.com.br\/mesalte\/wp-json\/wp\/v2\/comments?post=20896"}],"version-history":[{"count":1,"href":"https:\/\/blogs.correio24horas.com.br\/mesalte\/wp-json\/wp\/v2\/posts\/20896\/revisions"}],"predecessor-version":[{"id":20897,"href":"https:\/\/blogs.correio24horas.com.br\/mesalte\/wp-json\/wp\/v2\/posts\/20896\/revisions\/20897"}],"wp:featuredmedia":[{"embeddable":true,"href":"https:\/\/blogs.correio24horas.com.br\/mesalte\/wp-json\/wp\/v2\/media\/17518"}],"wp:attachment":[{"href":"https:\/\/blogs.correio24horas.com.br\/mesalte\/wp-json\/wp\/v2\/media?parent=20896"}],"wp:term":[{"taxonomy":"category","embeddable":true,"href":"https:\/\/blogs.correio24horas.com.br\/mesalte\/wp-json\/wp\/v2\/categories?post=20896"},{"taxonomy":"post_tag","embeddable":true,"href":"https:\/\/blogs.correio24horas.com.br\/mesalte\/wp-json\/wp\/v2\/tags?post=20896"}],"curies":[{"name":"wp","href":"https:\/\/api.w.org\/{rel}","templated":true}]}}