{"id":20893,"date":"2020-03-04T21:37:22","date_gmt":"2020-03-05T00:37:22","guid":{"rendered":"https:\/\/blogs.correio24horas.com.br\/mesalte\/?p=20893"},"modified":"2020-03-04T21:37:24","modified_gmt":"2020-03-05T00:37:24","slug":"espetaculo-com-bailarinos-gays-me-brega-baile-tem-temporada-no-tca","status":"publish","type":"post","link":"https:\/\/blogs.correio24horas.com.br\/mesalte\/espetaculo-com-bailarinos-gays-me-brega-baile-tem-temporada-no-tca\/","title":{"rendered":"Espet\u00e1culo com bailarinos gays Me Brega, Baile! tem temporada no TCA"},"content":{"rendered":"\n<p>A Sala do Coro do Teatro Castro Alves voltar\u00e1 a ser palco de um grande baile de dan\u00e7a de sal\u00e3o e pol\u00edtica com o espet\u00e1culo Me Brega, Baile!, com estreia no dia 06 de mar\u00e7o, \u00e0s 20h. Produzido pelo Coletivo Casa 4, cinco bailarinos int\u00e9rpretes-criadores homossexuais utilizam a dan\u00e7a de sal\u00e3o como discurso pol\u00edtico para reivindicarem a liberdade de serem e de existirem. O espet\u00e1culo fica em cartaz at\u00e9 15 de mar\u00e7o, de sexta a domingo, e os ingressos pode  ser adquiridos antecipadamente nas Bilheterias do SAC ou pela plataforma da Ingresso R\u00e1pido.<\/p>\n\n\n\n<p>Com dire\u00e7\u00e3o e provoca\u00e7\u00e3o coreogr\u00e1fica de Leandro Oliveira (ex-bailarino do Bal\u00e9 do TCA, de 2014 a 2018), o espet\u00e1culo questiona a heteronormatividade como padr\u00e3o de comportamento nas dan\u00e7as de sal\u00e3o e prop\u00f5e outras possibilidades de se pensar e praticar as dan\u00e7as a dois. Para isso, transforma o adjetivo \u201cbrega\u201d em verbo e convida o \u201cbaile\u201d &#8211; e por que n\u00e3o o espectador? &#8211; a se entregar \u00e0 breguice, ao excesso, ao dram\u00e1tico, ao cafona.<\/p>\n\n\n\n<p>Al\u00e9m de Fraga, est\u00e3o em cena com Alisson George, J\u00f4natas Raine, Marcelo Galv\u00e3o e Ruan Wills. As coreografias surgem a partir de tem\u00e1ticas s\u00f3cio-pol\u00edticas e viv\u00eancias cotidianas dos bailarinos. Os bailarinos-int\u00e9rpretes Ruan Wills e Jonatas Raine, por exemplo, expressam a dificuldade da rela\u00e7\u00e3o afetiva entre homens gays negros em uma das cenas. \u201cSomos os \u00fanicos corpos negros neste espet\u00e1culo e queremos discutir afetividade, empoderamento e reconhecimento da beleza preta\u201d, pontua Wills.<\/p>\n\n\n\n<p>A participa\u00e7\u00e3o do Casa 4 no Movasse Festival (AM) tamb\u00e9m foi propulsora para a cria\u00e7\u00e3o deste novo espet\u00e1culo. Ap\u00f3s a apresenta\u00e7\u00e3o de Sal\u00e3o no Teatro Amazonas Par\u00e1 mais de 700 pessoas, o evento recebeu uma a\u00e7\u00e3o judicial movida por um grupo de pessoas que considerou que a montagem n\u00e3o deveria possuir classifica\u00e7\u00e3o livre, devido aos \u201cgestos obscenos\u201d feitos pelos bailarinos.<\/p>\n\n\n\n<p>Para o Casa 4, a a\u00e7\u00e3o se deu pelo fato dos bailarinos serem gays \u201ce defendermos nossa exist\u00eancia, nosso jeito de ser!\u201d. O coletivo defende e exalta a diversidade, o diferente, a liberdade de existir do jeito e da forma que se quer. A breguice foi o caminho escolhido para reafirmar \u201co nosso lugar no mundo\u201d. Me Brega, Baile! \u00e9 um movimento dan\u00e7ante em prol da liberdade de ser e de existir em qualquer ambiente!.<\/p>\n\n\n\n<p><br>Ficha t\u00e9cnica &#8211; Me Brega, Baile!<br> Dire\u00e7\u00e3o: Leandro de Oliveira<br> Int\u00e9rpretes-criadores: Alisson George, Guilherme Fraga, J\u00f4natas Raine, Marcelo Galv\u00e3o e Ruan Wills.<br> Assistente de Coreografia: B\u00e1rbara Barbar\u00e1<br> Ilumina\u00e7\u00e3o: Juliana Mendon\u00e7a e Leandro de Oliveira<br> Figurino: Rainha Loulou Couture e Leandro de Oliveira<br> Comunica\u00e7\u00e3o: Th\u00e9\u00e2tre Comunica\u00e7\u00e3o \u2013 Rafael Britto<br> Produ\u00e7\u00e3o: Guilherme Fraga e Marcelo Galv\u00e3o<br> Foto: Caio L\u00edrio<br> V\u00eddeo: Thiago Castro<br> Edi\u00e7\u00e3o de v\u00eddeo: Raul Lima e Gustavo Miranda<br> Colabora\u00e7\u00e3o coreogr\u00e1fica: Roxy Sanchez<br> Apoio: Rainha Loulou Couture, Physio Pilates Centro Master Ondina, Casa Charriot, Espa\u00e7o Xisto Bahia, Escola de Dan\u00e7a da FUNCEB, Escola Contempor\u00e2nea de Dan\u00e7a<\/p>\n\n\n\n<p><strong>Servi\u00e7o<br><\/strong> O qu\u00ea? Me Brega, Baile! <br> Quando? 06, 07, 08, 13, 14 e 15 de Mar\u00e7o, \u00e0s 20h <br> Onde? Sala do Coro do Teatro Castro Alves <br> Ingresso? R$30 (inteira) e R$15 (meia) \u2013 venda antecipada nas Bilheterias do SAC ou www.ingressorapido.com.br<\/p>\n","protected":false},"excerpt":{"rendered":"<p>A Sala do Coro do Teatro Castro Alves voltar\u00e1 a ser palco de um grande baile de dan\u00e7a de sal\u00e3o e pol\u00edtica com o espet\u00e1culo Me [&hellip;]<\/p>\n","protected":false},"author":1,"featured_media":20894,"comment_status":"open","ping_status":"open","sticky":false,"template":"","format":"standard","meta":{"footnotes":""},"categories":[80,9],"tags":[],"class_list":["post-20893","post","type-post","status-publish","format-standard","has-post-thumbnail","hentry","category-home","category-me-orgulho"],"_links":{"self":[{"href":"https:\/\/blogs.correio24horas.com.br\/mesalte\/wp-json\/wp\/v2\/posts\/20893","targetHints":{"allow":["GET"]}}],"collection":[{"href":"https:\/\/blogs.correio24horas.com.br\/mesalte\/wp-json\/wp\/v2\/posts"}],"about":[{"href":"https:\/\/blogs.correio24horas.com.br\/mesalte\/wp-json\/wp\/v2\/types\/post"}],"author":[{"embeddable":true,"href":"https:\/\/blogs.correio24horas.com.br\/mesalte\/wp-json\/wp\/v2\/users\/1"}],"replies":[{"embeddable":true,"href":"https:\/\/blogs.correio24horas.com.br\/mesalte\/wp-json\/wp\/v2\/comments?post=20893"}],"version-history":[{"count":1,"href":"https:\/\/blogs.correio24horas.com.br\/mesalte\/wp-json\/wp\/v2\/posts\/20893\/revisions"}],"predecessor-version":[{"id":20895,"href":"https:\/\/blogs.correio24horas.com.br\/mesalte\/wp-json\/wp\/v2\/posts\/20893\/revisions\/20895"}],"wp:featuredmedia":[{"embeddable":true,"href":"https:\/\/blogs.correio24horas.com.br\/mesalte\/wp-json\/wp\/v2\/media\/20894"}],"wp:attachment":[{"href":"https:\/\/blogs.correio24horas.com.br\/mesalte\/wp-json\/wp\/v2\/media?parent=20893"}],"wp:term":[{"taxonomy":"category","embeddable":true,"href":"https:\/\/blogs.correio24horas.com.br\/mesalte\/wp-json\/wp\/v2\/categories?post=20893"},{"taxonomy":"post_tag","embeddable":true,"href":"https:\/\/blogs.correio24horas.com.br\/mesalte\/wp-json\/wp\/v2\/tags?post=20893"}],"curies":[{"name":"wp","href":"https:\/\/api.w.org\/{rel}","templated":true}]}}