{"id":20886,"date":"2020-03-03T17:12:23","date_gmt":"2020-03-03T20:12:23","guid":{"rendered":"https:\/\/blogs.correio24horas.com.br\/mesalte\/?p=20886"},"modified":"2020-03-03T17:14:39","modified_gmt":"2020-03-03T20:14:39","slug":"claudia-leitte-confirma-dois-dias-de-bloco-largadinho-no-barra-ondina-em-2021","status":"publish","type":"post","link":"https:\/\/blogs.correio24horas.com.br\/mesalte\/claudia-leitte-confirma-dois-dias-de-bloco-largadinho-no-barra-ondina-em-2021\/","title":{"rendered":"Claudia Leitte confirma dois dias de Largadinho no Barra-Ondina em 2021"},"content":{"rendered":"\n<p>O Carnaval deste ano foi marcante para todos os foli\u00f5es que estiveram presentes nos blocos de Claudia Leitte. Um dos mais tradicionais, o Bloco Largadinho &#8211; no qual a cantora homenageou a personagem Mulan &#8211; teve a venda de abad\u00e1s esgotada com anteced\u00eancia devido a grande procura.<\/p>\n\n\n\n<p>Devido as solicita\u00e7\u00f5es feitas pelos f\u00e3s, que elogiaram a organiza\u00e7\u00e3o do bloco durante o circuito Barra-Ondina neste ano, em Salvador, a equipe de Claudia Leitte acaba de anunciar o Bloco Largadinho em dose dupla para 2021. O trio sai no domingo (14\/02) e na ter\u00e7a-feira (16\/02) de Carnaval. <\/p>\n\n\n\n<p>\u201cFoi uma troca de tanto amor no Largadinho desse ano, que j\u00e1 est\u00e1 confirmado para o ano que vem e em dose dupla o meu bloco no circuito Barra-Ondina. Em 2021 teremos um dia a mais para que ningu\u00e9m fique de fora desse momento\u201d, conta Claudia Leitte.<\/p>\n","protected":false},"excerpt":{"rendered":"<p>O Carnaval deste ano foi marcante para todos os foli\u00f5es que estiveram presentes nos blocos de Claudia Leitte. Um dos mais tradicionais, o Bloco Largadinho &#8211; [&hellip;]<\/p>\n","protected":false},"author":3,"featured_media":20888,"comment_status":"open","ping_status":"open","sticky":false,"template":"","format":"image","meta":{"footnotes":""},"categories":[28,80],"tags":[1982,1983,569,567],"class_list":["post-20886","post","type-post","status-publish","format-image","has-post-thumbnail","hentry","category-farofa-digital","category-home","tag-bloco-largadinho","tag-carnaval-2021","tag-claudia-leitte","tag-largadinho","post_format-post-format-image"],"_links":{"self":[{"href":"https:\/\/blogs.correio24horas.com.br\/mesalte\/wp-json\/wp\/v2\/posts\/20886","targetHints":{"allow":["GET"]}}],"collection":[{"href":"https:\/\/blogs.correio24horas.com.br\/mesalte\/wp-json\/wp\/v2\/posts"}],"about":[{"href":"https:\/\/blogs.correio24horas.com.br\/mesalte\/wp-json\/wp\/v2\/types\/post"}],"author":[{"embeddable":true,"href":"https:\/\/blogs.correio24horas.com.br\/mesalte\/wp-json\/wp\/v2\/users\/3"}],"replies":[{"embeddable":true,"href":"https:\/\/blogs.correio24horas.com.br\/mesalte\/wp-json\/wp\/v2\/comments?post=20886"}],"version-history":[{"count":2,"href":"https:\/\/blogs.correio24horas.com.br\/mesalte\/wp-json\/wp\/v2\/posts\/20886\/revisions"}],"predecessor-version":[{"id":20889,"href":"https:\/\/blogs.correio24horas.com.br\/mesalte\/wp-json\/wp\/v2\/posts\/20886\/revisions\/20889"}],"wp:featuredmedia":[{"embeddable":true,"href":"https:\/\/blogs.correio24horas.com.br\/mesalte\/wp-json\/wp\/v2\/media\/20888"}],"wp:attachment":[{"href":"https:\/\/blogs.correio24horas.com.br\/mesalte\/wp-json\/wp\/v2\/media?parent=20886"}],"wp:term":[{"taxonomy":"category","embeddable":true,"href":"https:\/\/blogs.correio24horas.com.br\/mesalte\/wp-json\/wp\/v2\/categories?post=20886"},{"taxonomy":"post_tag","embeddable":true,"href":"https:\/\/blogs.correio24horas.com.br\/mesalte\/wp-json\/wp\/v2\/tags?post=20886"}],"curies":[{"name":"wp","href":"https:\/\/api.w.org\/{rel}","templated":true}]}}