{"id":20663,"date":"2020-01-23T09:17:42","date_gmt":"2020-01-23T12:17:42","guid":{"rendered":"https:\/\/blogs.correio24horas.com.br\/mesalte\/?p=20663"},"modified":"2020-01-23T09:17:43","modified_gmt":"2020-01-23T12:17:43","slug":"confirmado-margareth-menezes-puxara-bloco-os-mascarados-em-salvador","status":"publish","type":"post","link":"https:\/\/blogs.correio24horas.com.br\/mesalte\/confirmado-margareth-menezes-puxara-bloco-os-mascarados-em-salvador\/","title":{"rendered":"Confirmado: Margareth Menezes puxar\u00e1 bloco Os Mascarados em Salvador"},"content":{"rendered":"\n<p>A cantora Margareth Menezes est\u00e1 confirmada no comando do bloco Os Mascarados no Carnaval 2020. Margareth aceitou o convite para participar de mais uma edi\u00e7\u00e3o do bloco na quinta-feira (20 de fevereiro) de Carnaval no circuito Barra-Ondina. <\/p>\n\n\n\n<p>O convite \u00e0 cantora foi feito nesta ter\u00e7a-feira, durante almo\u00e7o com as empres\u00e1rias do bloco Jaqueline Azevedo, Selma Calabrich e Paula Resende.<\/p>\n\n\n\n<p>Esta ser\u00e1 a segunda participa\u00e7\u00e3o consecutiva da artista, que, no ano passado comandou o Desfile do Bloco Mascarados na comemora\u00e7\u00e3o dos 20 anos do bloco. Nos pr\u00f3ximos dias, ser\u00e3o anunciados os nomes do rei e da rainha da 21\u00aa folia do bloco.<\/p>\n\n\n\n<p>Com a presen\u00e7a de Margareth Menezes, a expectativa \u00e9 de que Os Mascarados multiplique seus milhares de seguidores no primeiro dia oficial do Carnaval de Salvador, nesse ano especial em que se comemora 70 Anos do Trio El\u00e9trico, 40 Anos do Olodum e 35 Anos do Ax\u00e9 Music. <\/p>\n\n\n\n<p>Os Mascarados traduzem o l\u00fadico, os sonhos, encontros, todos os amores trazendo a descontra\u00e7\u00e3o para o circuito Barra-Ondina sempre com muita alegria, irrever\u00eancia festejando a diversidade. \u00c9 um verdadeiro arrast\u00e3o colorido de gente celebrando a Carnaval da Bahia em alto astral.<\/p>\n","protected":false},"excerpt":{"rendered":"<p>A cantora Margareth Menezes est\u00e1 confirmada no comando do bloco Os Mascarados no Carnaval 2020. Margareth aceitou o convite para participar de mais uma edi\u00e7\u00e3o do [&hellip;]<\/p>\n","protected":false},"author":1,"featured_media":20664,"comment_status":"open","ping_status":"open","sticky":false,"template":"","format":"standard","meta":{"footnotes":""},"categories":[80,26],"tags":[566,1966],"class_list":["post-20663","post","type-post","status-publish","format-standard","has-post-thumbnail","hentry","category-home","category-me-inspiro","tag-carnaval","tag-carnaval-2020"],"_links":{"self":[{"href":"https:\/\/blogs.correio24horas.com.br\/mesalte\/wp-json\/wp\/v2\/posts\/20663","targetHints":{"allow":["GET"]}}],"collection":[{"href":"https:\/\/blogs.correio24horas.com.br\/mesalte\/wp-json\/wp\/v2\/posts"}],"about":[{"href":"https:\/\/blogs.correio24horas.com.br\/mesalte\/wp-json\/wp\/v2\/types\/post"}],"author":[{"embeddable":true,"href":"https:\/\/blogs.correio24horas.com.br\/mesalte\/wp-json\/wp\/v2\/users\/1"}],"replies":[{"embeddable":true,"href":"https:\/\/blogs.correio24horas.com.br\/mesalte\/wp-json\/wp\/v2\/comments?post=20663"}],"version-history":[{"count":1,"href":"https:\/\/blogs.correio24horas.com.br\/mesalte\/wp-json\/wp\/v2\/posts\/20663\/revisions"}],"predecessor-version":[{"id":20665,"href":"https:\/\/blogs.correio24horas.com.br\/mesalte\/wp-json\/wp\/v2\/posts\/20663\/revisions\/20665"}],"wp:featuredmedia":[{"embeddable":true,"href":"https:\/\/blogs.correio24horas.com.br\/mesalte\/wp-json\/wp\/v2\/media\/20664"}],"wp:attachment":[{"href":"https:\/\/blogs.correio24horas.com.br\/mesalte\/wp-json\/wp\/v2\/media?parent=20663"}],"wp:term":[{"taxonomy":"category","embeddable":true,"href":"https:\/\/blogs.correio24horas.com.br\/mesalte\/wp-json\/wp\/v2\/categories?post=20663"},{"taxonomy":"post_tag","embeddable":true,"href":"https:\/\/blogs.correio24horas.com.br\/mesalte\/wp-json\/wp\/v2\/tags?post=20663"}],"curies":[{"name":"wp","href":"https:\/\/api.w.org\/{rel}","templated":true}]}}