{"id":20639,"date":"2020-01-14T12:04:00","date_gmt":"2020-01-14T15:04:00","guid":{"rendered":"https:\/\/blogs.correio24horas.com.br\/mesalte\/?p=20639"},"modified":"2020-01-14T12:04:02","modified_gmt":"2020-01-14T15:04:02","slug":"espetaculo-o-covil-do-coletivo-das-liliths-reestreia-na-evoe-casa-de-criacao","status":"publish","type":"post","link":"https:\/\/blogs.correio24horas.com.br\/mesalte\/espetaculo-o-covil-do-coletivo-das-liliths-reestreia-na-evoe-casa-de-criacao\/","title":{"rendered":"Espet\u00e1culo \u201cO Covil\u201d do Coletivo das Liliths reestreia na Evo\u00e9 Casa de Cria\u00e7\u00e3o"},"content":{"rendered":"\n<p>O espet\u00e1culo &#8220;O Covil&#8221; aborda narrativas pessoais como insurg\u00eancias pol\u00edticas contempor\u00e2neas, utilizando de t\u00e9cnicas das hist\u00f3rias em quadrinhos para abordar temas do agora que atravessam as exist\u00eancias das artistas envolvidas. O trabalho \u00e9 dividido em quadros, em que breves relatos s\u00e3o compartilhados com o p\u00fablico, as escritas c\u00eanicas partem das hist\u00f3rias de vida das pr\u00f3prias artistas.<\/p>\n\n\n\n<p>Ambientado numa ocupa\u00e7\u00e3o art\u00edstica, o espet\u00e1culo \u201cO Covil\u201d&nbsp;convoca as pessoas para uma imers\u00e3o itinerante numa instala\u00e7\u00e3o c\u00eanica performativa adaptada ao espa\u00e7o Evo\u00e9 Casa de Cria\u00e7\u00e3o.<\/p>\n\n\n\n<p>O espet\u00e1culo reestreia sexta-feira (17), e cumprir\u00e1 temporada at\u00e9 o dia 01 de fevereiro sempre sextas e s\u00e1bados \u00e0s 20h , no espa\u00e7o colaborativo\u00a0Evo\u00e9 Casa de Cria\u00e7\u00e3o\u00a0, localizado no Largo dos Aflitos, n\u00ba3, com lota\u00e7\u00e3o m\u00e1xima de 25 pessoas por sess\u00e3o.<\/p>\n\n\n\n<p>Os ingressos custam R$20,00 (inteira) e R$ 10,00 (meia), e, como a\u00e7\u00e3o de fortalecimento e inser\u00e7\u00e3o da comunidade LGBTQIA+ nas plateias dos espet\u00e1culos teatrais, pessoas TRANS-travestis tem acesso gratuito ao espet\u00e1culo com nome antecipado na lista.<\/p>\n\n\n\n<p>\u201cO Covil\u201d \u00e9 a culmin\u00e2ncia de um projeto que estimula o espa\u00e7o de encontro e troca e (IN) forma\u00e7\u00e3o, e conta com a provoca\u00e7\u00e3o da artista trans, Xan Mar\u00e7all. A obra \u00e9 uma realiza\u00e7\u00e3o do Coletivo Das Liliths, plataforma art\u00edstica que vem atuando na cidade do Salvador h\u00e1 7 anos fomentando e fortalecendo o debate acerca das dissid\u00eancias de g\u00eanero e sexuais atrav\u00e9s das artes c\u00eanicas e faz parte das a\u00e7\u00f5es pol\u00edtico-po\u00e9ticas e pedag\u00f3gicas que objetiva estimular jovens artistas na elabora\u00e7\u00e3o e desenvolvimento de trabalhos est\u00e9ticos autorais em especial aqueles atravessados por quest\u00f5es relacionadas aos debates de g\u00eanero, identidade e sexualidade.<\/p>\n\n\n\n<p>SERVI\u00c7O:<\/p>\n\n\n\n<p>O que:&nbsp;Espet\u00e1culo \u201cO Covil\u201d &#8211; Coletivo das Liliths<br>\nQuando:&nbsp;De 17\/01 \u00e0 01\/02 (sextas e s\u00e1bados \u00e0s 20h)<br>\nOnde:&nbsp;Evo\u00e9 Casa de Cria\u00e7\u00e3o (Largo dos Aflitos, n\u00ba3)<br>\nIngresso:&nbsp;R$ 20,00 (inteira) e R$ 10,00 (meia) | Pessoas trans-travestis tem acesso gratuito com nome antecipado na lista<\/p>\n","protected":false},"excerpt":{"rendered":"<p>O espet\u00e1culo &#8220;O Covil&#8221; aborda narrativas pessoais como insurg\u00eancias pol\u00edticas contempor\u00e2neas, utilizando de t\u00e9cnicas das hist\u00f3rias em quadrinhos para abordar temas do agora que atravessam as [&hellip;]<\/p>\n","protected":false},"author":1,"featured_media":20640,"comment_status":"open","ping_status":"open","sticky":false,"template":"","format":"standard","meta":{"footnotes":""},"categories":[80,16],"tags":[],"class_list":["post-20639","post","type-post","status-publish","format-standard","has-post-thumbnail","hentry","category-home","category-me-jogo"],"_links":{"self":[{"href":"https:\/\/blogs.correio24horas.com.br\/mesalte\/wp-json\/wp\/v2\/posts\/20639","targetHints":{"allow":["GET"]}}],"collection":[{"href":"https:\/\/blogs.correio24horas.com.br\/mesalte\/wp-json\/wp\/v2\/posts"}],"about":[{"href":"https:\/\/blogs.correio24horas.com.br\/mesalte\/wp-json\/wp\/v2\/types\/post"}],"author":[{"embeddable":true,"href":"https:\/\/blogs.correio24horas.com.br\/mesalte\/wp-json\/wp\/v2\/users\/1"}],"replies":[{"embeddable":true,"href":"https:\/\/blogs.correio24horas.com.br\/mesalte\/wp-json\/wp\/v2\/comments?post=20639"}],"version-history":[{"count":1,"href":"https:\/\/blogs.correio24horas.com.br\/mesalte\/wp-json\/wp\/v2\/posts\/20639\/revisions"}],"predecessor-version":[{"id":20641,"href":"https:\/\/blogs.correio24horas.com.br\/mesalte\/wp-json\/wp\/v2\/posts\/20639\/revisions\/20641"}],"wp:featuredmedia":[{"embeddable":true,"href":"https:\/\/blogs.correio24horas.com.br\/mesalte\/wp-json\/wp\/v2\/media\/20640"}],"wp:attachment":[{"href":"https:\/\/blogs.correio24horas.com.br\/mesalte\/wp-json\/wp\/v2\/media?parent=20639"}],"wp:term":[{"taxonomy":"category","embeddable":true,"href":"https:\/\/blogs.correio24horas.com.br\/mesalte\/wp-json\/wp\/v2\/categories?post=20639"},{"taxonomy":"post_tag","embeddable":true,"href":"https:\/\/blogs.correio24horas.com.br\/mesalte\/wp-json\/wp\/v2\/tags?post=20639"}],"curies":[{"name":"wp","href":"https:\/\/api.w.org\/{rel}","templated":true}]}}