{"id":20623,"date":"2020-01-13T08:33:55","date_gmt":"2020-01-13T11:33:55","guid":{"rendered":"https:\/\/blogs.correio24horas.com.br\/mesalte\/?p=20623"},"modified":"2020-01-13T12:18:00","modified_gmt":"2020-01-13T15:18:00","slug":"estudante-de-letras-denuncia-homofobia-em-banheiro-do-shopping-barra-me-encurralou-na-pia","status":"publish","type":"post","link":"https:\/\/blogs.correio24horas.com.br\/mesalte\/estudante-de-letras-denuncia-homofobia-em-banheiro-do-shopping-barra-me-encurralou-na-pia\/","title":{"rendered":"Estudante de Letras denuncia homofobia em banheiro do Shopping Barra: &#8216;me encurralou na pia&#8217;"},"content":{"rendered":"\n<p> \u201cO cidad\u00e3o me encurralou na pia do banheiro, p\u00f4s os dedos no meu rosto em formato de uma arma e gritou dizendo que eu era um &#8220;viado&#8221;, &#8220;pau no c*&#8221; e que ia me quebrar na porrada. Foi terr\u00edvel! E, como se n\u00e3o bastasse, ele disse que n\u00f3s, os homossexuais, est\u00e1vamos cheios de raz\u00e3o e direitos\u201d . Com essas palavas,  o estudante de Letras Jeferson Campos, 24, denunciou que foi v\u00edtima de homofobia dentro do banheiro do Shopping Barra. <\/p>\n\n\n\n<p>Atrav\u00e9s do Instagram, ele relatou que foi v\u00edtima de homofobia por um seguran\u00e7a de uma terceirizada contratada pelo empreendimento. <\/p>\n\n\n\n<p> Jeferson disse que, na discuss\u00e3o dentro do banheiro, os homens chamavam os gays de \u201cviados da desgra\u00e7a\u201d e que estava \u201csobrando mulher porque os homens estavam &#8220;tudo dando a bunda&#8221;.  Ele informou que estava no banheiro quando presenciou uma conversa entre dois homens de forma preconceituosa. Ele questionou e, por conta disto, ele foi amea\u00e7ado por um deles, que \u00e9 funcion\u00e1rio do shopping.<\/p>\n\n\n\n<p>Segundo a v\u00edtima, um dos homens usava fardamento do Grupo MAP, empresa que terceiriza servi\u00e7os para o empreendimento. <\/p>\n\n\n\n<p>\u201cEu, enquanto gay, me identifiquei como tal e perguntei a ele qual era o problema dos homens &#8220;darem a bunda&#8221; e o que ele tinha a ver com isso. Disse que ele estava me ofendendo e ofendendo pessoas semelhantes a mim, e que homofobia era crime\u201d, escreveu. <\/p>\n\n\n\n<p>O estudante disse que, depois da amea\u00e7a, procurou a administra\u00e7\u00e3o do shopping. Em resposta, ouviu que \u201cpoderia ter evitado isso\u201d. <\/p>\n\n\n\n<p>\u201cProcurei a administra\u00e7\u00e3o do Shopping Barra, conversei com o coordenador da seguran\u00e7a e ele me disse que eu poderia ter evitado isso. Usou como exemplo o fato de sermos negros e de sofrermos racismo. Ele disse que se escutar algu\u00e9m dizer que n\u00e3o gosta de preto, que escutaria e iria embora, tentando colocar pano quente na situa\u00e7\u00e3o. Imaginem. Naturalizando o racismo e a homofobia. Ent\u00e3o os homossexuais que foram assassinados poderiam ter evitado? Nos v\u00e1rios casos de feminic\u00eddio, as mulheres v\u00edtimas poderiam ter evitado? A postura desse senhor s\u00f3 refor\u00e7a a cultura de sempre culparem a vitima\u201d,  relatou o estudante. <\/p>\n\n\n\n<p>Em nota, o Shopping Barra pediu desculpa pelo ocorrido e afirmou que \u201crepudia qualquer forma de preconceito ou discrimina\u00e7\u00e3o\u201d. \u201cDiariamente refor\u00e7amos esse posicionamento com nossos colaboradores e terceirizados. Essa situa\u00e7\u00e3o narrada n\u00e3o reflete o pensamento do Shopping Barra e por isso pedimos desculpas\u201d disse.<\/p>\n\n\n\n<p>O empreendimento, no entanto, n\u00e3o especificou se haveria algum tipo de puni\u00e7\u00e3o ao funcion\u00e1rio, que tamb\u00e9m n\u00e3o teve o nome divulgado. O estudante afirmou que n\u00e3o conseguiu fazer o registro policial do caso. <\/p>\n\n\n\n<p>&#8220;O agente que me atendeu se recusou a registrar a ocorr\u00eancia porque disse que eu n\u00e3o tinha o nome do agressor. Mas, nesta segunda-feira (13) eu irei novamente na delegacia com minha advogada&#8221;, afirmou o estudante referindo-se \u00e0 14\u00aa delegacia (Barra).  O Me Salte entrou em contato com a delegacia, mas n\u00e3o teve retorno at\u00e9 o fechamento dessa reportagem. <\/p>\n\n\n\n<p>Em junho do ano passado, a homofobia foi criminalizada pelo Supremo Tribunal Federal (STF). O crime foi enquadrado na Lei de Racismo (7716\/89), que hoje prev\u00ea crimes de discrimina\u00e7\u00e3o ou preconceito por &#8220;ra\u00e7a, cor, etnia, religi\u00e3o e proced\u00eancia nacional&#8221;.<\/p>\n\n\n\n<figure class=\"wp-block-embed-instagram wp-block-embed is-type-rich is-provider-instagram\"><div class=\"wp-block-embed__wrapper\">\nhttps:\/\/www.instagram.com\/p\/B7MMyuqHX_c\/\n<\/div><\/figure>\n\n\n\n<p>Em nota, a Secretaria de Justi\u00e7a, Direitos Humanos e Desenvolvimento Social da Bahia (SJDHDS) informou que &#8216;est\u00e1 acompanhando os casos de viola\u00e7\u00e3o de direitos contra a popula\u00e7\u00e3o LGBTQIA+ registrados em Feira de Santana e em Salvador nos \u00faltimos dias&#8217;.<\/p>\n\n\n\n<p><em>&#8220;Por meio da Coordena\u00e7\u00e3o de Pol\u00edticas LGBT, a SJDHDS ofereceu assist\u00eancia e acompanha Guell Cadillac, mulher trans impedida de usar o banheiro feminino num bar de Feira de Santana, e Jeferson Campo, jovem que sofreu viol\u00eancia LGBTf\u00f3bica dentro de um shopping de Salvador. O Centro de Promo\u00e7\u00e3o e Defesa dos Direitos LGBT da Bahia (CPDD-LGBT), localizado no Casar\u00e3o da Diversidade (Rua do Tijolo, n\u00ba 08, Pelourinho), equipamento da SJDHDS, disp\u00f5e de equipe formada por advogados, psic\u00f3logos e assistentes sociais para auxiliar e acolher as v\u00edtimas&#8221;, disse o \u00f3rg\u00e3o. <\/em><\/p>\n","protected":false},"excerpt":{"rendered":"<p>\u201cO cidad\u00e3o me encurralou na pia do banheiro, p\u00f4s os dedos no meu rosto em formato de uma arma e gritou dizendo que eu era um [&hellip;]<\/p>\n","protected":false},"author":1,"featured_media":20627,"comment_status":"open","ping_status":"open","sticky":false,"template":"","format":"standard","meta":{"footnotes":""},"categories":[80,11],"tags":[],"class_list":["post-20623","post","type-post","status-publish","format-standard","has-post-thumbnail","hentry","category-home","category-me-informo"],"_links":{"self":[{"href":"https:\/\/blogs.correio24horas.com.br\/mesalte\/wp-json\/wp\/v2\/posts\/20623","targetHints":{"allow":["GET"]}}],"collection":[{"href":"https:\/\/blogs.correio24horas.com.br\/mesalte\/wp-json\/wp\/v2\/posts"}],"about":[{"href":"https:\/\/blogs.correio24horas.com.br\/mesalte\/wp-json\/wp\/v2\/types\/post"}],"author":[{"embeddable":true,"href":"https:\/\/blogs.correio24horas.com.br\/mesalte\/wp-json\/wp\/v2\/users\/1"}],"replies":[{"embeddable":true,"href":"https:\/\/blogs.correio24horas.com.br\/mesalte\/wp-json\/wp\/v2\/comments?post=20623"}],"version-history":[{"count":3,"href":"https:\/\/blogs.correio24horas.com.br\/mesalte\/wp-json\/wp\/v2\/posts\/20623\/revisions"}],"predecessor-version":[{"id":20634,"href":"https:\/\/blogs.correio24horas.com.br\/mesalte\/wp-json\/wp\/v2\/posts\/20623\/revisions\/20634"}],"wp:featuredmedia":[{"embeddable":true,"href":"https:\/\/blogs.correio24horas.com.br\/mesalte\/wp-json\/wp\/v2\/media\/20627"}],"wp:attachment":[{"href":"https:\/\/blogs.correio24horas.com.br\/mesalte\/wp-json\/wp\/v2\/media?parent=20623"}],"wp:term":[{"taxonomy":"category","embeddable":true,"href":"https:\/\/blogs.correio24horas.com.br\/mesalte\/wp-json\/wp\/v2\/categories?post=20623"},{"taxonomy":"post_tag","embeddable":true,"href":"https:\/\/blogs.correio24horas.com.br\/mesalte\/wp-json\/wp\/v2\/tags?post=20623"}],"curies":[{"name":"wp","href":"https:\/\/api.w.org\/{rel}","templated":true}]}}