{"id":20611,"date":"2020-01-12T01:44:02","date_gmt":"2020-01-12T04:44:02","guid":{"rendered":"https:\/\/blogs.correio24horas.com.br\/mesalte\/?p=20611"},"modified":"2020-01-12T01:44:06","modified_gmt":"2020-01-12T04:44:06","slug":"a-musica-de-silva-e-ivete-e-a-melhor-coisa-que-voce-pode-ouvir-hoje-se-sua-vontade-e-que-o-carnaval-chegue-logo","status":"publish","type":"post","link":"https:\/\/blogs.correio24horas.com.br\/mesalte\/a-musica-de-silva-e-ivete-e-a-melhor-coisa-que-voce-pode-ouvir-hoje-se-sua-vontade-e-que-o-carnaval-chegue-logo\/","title":{"rendered":"A m\u00fasica de Silva e Ivete  \u00e9 a melhor coisa que voc\u00ea pode ouvir hoje se sua vontade \u00e9 que o Carnaval chegue logo"},"content":{"rendered":"\n<p>Se voc\u00ea gosta de Carnaval j\u00e1 deve ter come\u00e7ado a sentir aquela agonia no cora\u00e7\u00e3o. Falta pouco. Em menos de dois meses j\u00e1 estaremos no meio da rua pulando e sentindo toda a vibra\u00e7\u00e3o do trio el\u00e9trico. Esse ano eu nem tinha me plugado ainda na energia carnavalesca &#8211; sempre acontece isso comigo depois da lavagem do Bonfim &#8211; mas esse ano o cora\u00e7\u00e3o bateu mais cedo. <br><br>Eis que estava eu na santa paz de Oxal\u00e1 quando pulou nos meus ouvidos a can\u00e7\u00e3o Pra Vida Inteira &#8211; lan\u00e7ada por Silva e Ivete Sangalo essa semana. N\u00e3o deu outra. Foi conex\u00e3o de primeiro grau com a folia carnavalesca. <\/p>\n\n\n\n<figure class=\"wp-block-embed-youtube wp-block-embed is-type-video is-provider-youtube wp-embed-aspect-16-9 wp-has-aspect-ratio\"><div class=\"wp-block-embed__wrapper\">\n<iframe loading=\"lazy\" title=\"Silva e Ivete Sangalo - Pra Vida Inteira (Clipe Oficial)\" width=\"1200\" height=\"675\" src=\"https:\/\/www.youtube.com\/embed\/klZsTeCqZxo?feature=oembed\" frameborder=\"0\" allow=\"accelerometer; autoplay; encrypted-media; gyroscope; picture-in-picture\" allowfullscreen><\/iframe>\n<\/div><\/figure>\n\n\n\n<p>N\u00e3o \u00e9 aquela m\u00fasica porradona de sair doida atr\u00e1s do trio pulando igual pulga em peruca velha &#8211; esse fogo mais animado deixo para Alinne Rosa com aquele fogo no o\u00ea. A m\u00fasica cantada pelo capixaba e pela baiana foi composta por Lucas Silva tem uma vibe mais calminha. <\/p>\n\n\n\n<p>\u00c9 aquela que lembra &#8211; de leve- a batida das marchinhas, das bandinhas da quarta-feira l\u00e1 do habeas corpus misturado com a ess\u00eancia do samba reggae, criado por Neguinho do Samba em Salvador. N\u00e3o tem outra: \u00e9 voc\u00ea ouvir, fechar os olhos e se imaginar descendo o circuito Barra-Ondina com a latinha de cerveja na m\u00e3o dando uns beijos naquela pessoa que faz seu cora\u00e7\u00e3o tremer de alegria. <br><br>Sim, \u00e9 uma m\u00fasica para apaixonados. N\u00e3o o clima de paquera e agito da m\u00fasica Contatinho (L\u00e9o Santana e Anitta). \u00c9 uma pegada do amor, do afeto, bem canceriana como Silva \u00e9 \ud83d\ude42 <\/p>\n\n\n\n<p>A m\u00fasica foi lan\u00e7ada em todas as plataformas digitais ganhou ainda um clipe que eu fiquei com vontade de morar nele. Transmite, junto com a melodia da can\u00e7\u00e3o, uma sensa\u00e7\u00e3o boa de curtir o carnaval ao lado de quem se gosta para a vida inteira. #T\u00f4Rom\u00e2ntica<br><br>Ivete, tanto no clipe quanto na voz, remete ao per\u00edodo na can\u00e7\u00e3o S\u00e1 Marina (cabel\u00e3o e uma voz mais aconchegante e rom\u00e2ntica), que comp\u00f5e o \u00e1lbum lan\u00e7ado por Ivete em 1999 no in\u00edcio da sua carreira solo. <\/p>\n\n\n\n<figure class=\"wp-block-image\"><img decoding=\"async\" src=\"https:\/\/encrypted-tbn0.gstatic.com\/images?q=tbn%3AANd9GcSDxbV7PB8tu_NpRhB4E0OrQxk1mV-1MrZWmOkdM9X4i54Ihsyo\" alt=\"Resultado de imagem para ivete sangalo sa marina&quot;\"\/><\/figure>\n\n\n\n<p> Silva &#8211; <a href=\"https:\/\/blogs.correio24horas.com.br\/mesalte\/falar-da-minha-sexualidade-nao-pode-virar-marketing-de-carreira-diz-cantor-silva-veja-video\/\">que tem um crush na Bahia<\/a> (bem rec\u00edproco) &#8211; est\u00e1 na mesma vibe que o consolidou nos \u00faltimos tempos. Inclusive, a can\u00e7\u00e3o \u00e9 muito pr\u00f3xima dos arranjos que ele montou no projeto Bloco do Silva, que ter\u00e1 uma nova edi\u00e7\u00e3o em Salvador dia<a href=\"https:\/\/www.sympla.com.br\/bloco-do-silva-02__718165\"> 25 de janeiro. <\/a><br><br>Reveja entrevista que Silva concedeu ao Me Salte ano passado falando da rela\u00e7\u00e3o dele com a Bahia:<br><\/p>\n\n\n\n<figure class=\"wp-block-embed-youtube wp-block-embed is-type-video is-provider-youtube wp-embed-aspect-16-9 wp-has-aspect-ratio\"><div class=\"wp-block-embed__wrapper\">\n<iframe loading=\"lazy\" title=\"\u2018Falar da minha sexualidade n\u00e3o pode virar marketing de carreira\u2019, diz cantor Silva\" width=\"1200\" height=\"675\" src=\"https:\/\/www.youtube.com\/embed\/JNEtzs3qsd8?feature=oembed\" frameborder=\"0\" allow=\"accelerometer; autoplay; encrypted-media; gyroscope; picture-in-picture\" allowfullscreen><\/iframe>\n<\/div><\/figure>\n\n\n\n<p>Enquanto isso ou\u00e7a a can\u00e7\u00e3o e sinta o Carnaval mais perto de voc\u00ea! <\/p>\n","protected":false},"excerpt":{"rendered":"<p>Se voc\u00ea gosta de Carnaval j\u00e1 deve ter come\u00e7ado a sentir aquela agonia no cora\u00e7\u00e3o. Falta pouco. Em menos de dois meses j\u00e1 estaremos no meio [&hellip;]<\/p>\n","protected":false},"author":1,"featured_media":20614,"comment_status":"open","ping_status":"open","sticky":false,"template":"","format":"standard","meta":{"footnotes":""},"categories":[80,26],"tags":[967,232],"class_list":["post-20611","post","type-post","status-publish","format-standard","has-post-thumbnail","hentry","category-home","category-me-inspiro","tag-ivete","tag-silva"],"_links":{"self":[{"href":"https:\/\/blogs.correio24horas.com.br\/mesalte\/wp-json\/wp\/v2\/posts\/20611","targetHints":{"allow":["GET"]}}],"collection":[{"href":"https:\/\/blogs.correio24horas.com.br\/mesalte\/wp-json\/wp\/v2\/posts"}],"about":[{"href":"https:\/\/blogs.correio24horas.com.br\/mesalte\/wp-json\/wp\/v2\/types\/post"}],"author":[{"embeddable":true,"href":"https:\/\/blogs.correio24horas.com.br\/mesalte\/wp-json\/wp\/v2\/users\/1"}],"replies":[{"embeddable":true,"href":"https:\/\/blogs.correio24horas.com.br\/mesalte\/wp-json\/wp\/v2\/comments?post=20611"}],"version-history":[{"count":3,"href":"https:\/\/blogs.correio24horas.com.br\/mesalte\/wp-json\/wp\/v2\/posts\/20611\/revisions"}],"predecessor-version":[{"id":20615,"href":"https:\/\/blogs.correio24horas.com.br\/mesalte\/wp-json\/wp\/v2\/posts\/20611\/revisions\/20615"}],"wp:featuredmedia":[{"embeddable":true,"href":"https:\/\/blogs.correio24horas.com.br\/mesalte\/wp-json\/wp\/v2\/media\/20614"}],"wp:attachment":[{"href":"https:\/\/blogs.correio24horas.com.br\/mesalte\/wp-json\/wp\/v2\/media?parent=20611"}],"wp:term":[{"taxonomy":"category","embeddable":true,"href":"https:\/\/blogs.correio24horas.com.br\/mesalte\/wp-json\/wp\/v2\/categories?post=20611"},{"taxonomy":"post_tag","embeddable":true,"href":"https:\/\/blogs.correio24horas.com.br\/mesalte\/wp-json\/wp\/v2\/tags?post=20611"}],"curies":[{"name":"wp","href":"https:\/\/api.w.org\/{rel}","templated":true}]}}