{"id":20606,"date":"2020-01-12T01:05:09","date_gmt":"2020-01-12T04:05:09","guid":{"rendered":"https:\/\/blogs.correio24horas.com.br\/mesalte\/?p=20606"},"modified":"2020-01-12T01:20:36","modified_gmt":"2020-01-12T04:20:36","slug":"grupo-pernambucano-de-danca-comemora-12-anos-com-espetaculo-e-vivencia-artistica-em-salvador","status":"publish","type":"post","link":"https:\/\/blogs.correio24horas.com.br\/mesalte\/grupo-pernambucano-de-danca-comemora-12-anos-com-espetaculo-e-vivencia-artistica-em-salvador\/","title":{"rendered":"Grupo pernambucano de dan\u00e7a comemora 12 anos  com espet\u00e1culo e viv\u00eancia art\u00edstica em Salvador"},"content":{"rendered":"\n<p> \u201cTran\u00e7ando cartografias afetivas\u201d . Esse \u00e9 o nome do projeto Acupe Grupo de Dan\u00e7a, de Pernambuco, que aportar\u00e1 em Salvador neste m\u00eas de janeiro. <\/p>\n\n\n\n<p>O projeto, que tem incentivo do Funcultura da Secretaria de Cultura do Governo de Pernambuco,  consiste na realiza\u00e7\u00e3o de a\u00e7\u00f5es em comemora\u00e7\u00e3o aos 12 anos de atividade do grupo, com temporada de seu espet\u00e1culo\u00a0<em>Tijolos de Esquecimento<\/em>\u00a0e viv\u00eancias com artistas em Recife, Natal e Salvador. \u00a0<\/p>\n\n\n\n<p>Ao longo de 12 anos de trajet\u00f3ria, o Acupe \u2013 coordenado pelo produtor cultural, bailarino e arte-educador Paulo Henrique Ferreira \u2013 \u00e9 uma das refer\u00eancias em dan\u00e7a contempor\u00e2nea em Pernambuco. O grupo vem fomentando a cria\u00e7\u00e3o art\u00edstica em dan\u00e7a contempor\u00e2nea no Estado, al\u00e9m de oferecer cursos de forma\u00e7\u00e3o para int\u00e9rpretes-pesquisadores em Recife e em mais de 15 cidades do interior. <\/p>\n\n\n\n<p>O Acupe ancorou no Recife \u2013 por 4 anos \u2013 o Semin\u00e1rio Nacional de Dan\u00e7a &amp; Educa\u00e7\u00e3o, trazendo profissionais de renome para a cidade.<\/p>\n\n\n\n<p>O espet\u00e1culo\u00a0<em>Tijolos de Esquecimento<\/em>\u00a0&#8211; que ser\u00e1 exibido em Salvador nos dias 18 e 19 de janeiro &#8211; foi constru\u00eddo a partir do livro do italiano Italo Calvino, Cidades invis\u00edveis, e estreou no Recife em 2016. Com dramaturgia da poeta Fl\u00e1via Gomes,\u00a0<em>Tijolos de Esquecimento<\/em>\u00a0prop\u00f5e um mergulho no imagin\u00e1rio urbano e na mem\u00f3ria afetiva da cidade, levando o espectador a refletir sobre o indiv\u00edduo na cidade, suas po\u00e9ticas e complexidades.<\/p>\n\n\n\n<p>\u201cA cidade representa a idealiza\u00e7\u00e3o das formas criadas por n\u00f3s, mas esquecidas, assim como o sentido da vida. A cidade deixa de ser um conceito geogr\u00e1fico para se tornar o s\u00edmbolo complexo e inesgot\u00e1vel da exist\u00eancia humana\u201d, reflete Paulo Henrique Ferreira, diretor da obra.<\/p>\n\n\n\n<p><strong>Mais sobre o espet\u00e1culo:<\/strong><\/p>\n\n\n\n<p><em>Tijolos de Esquecimento&nbsp;<\/em>\u00e9 uma imers\u00e3o no imagin\u00e1rio urbano, a partir da obra do escritor italiano \u00cdtalo Calvino \u2013 Cidades Invis\u00edveis \u2013 onde a cidade deixa de ser um conceito geogr\u00e1fico para se tornar o s\u00edmbolo complexo e inesgot\u00e1vel da exist\u00eancia humana.&nbsp;A mem\u00f3ria, as identifica\u00e7\u00f5es, as disputas, as ruas, becos, esquinas, o afeto, o abandono, a transgress\u00e3o, as contradi\u00e7\u00f5es, est\u00e3o neste tr\u00e2nsito congestionado, desordenado, pertencente ao espa\u00e7o urbano.<\/p>\n\n\n\n<figure class=\"wp-block-embed-instagram wp-block-embed is-type-rich is-provider-instagram\"><div class=\"wp-block-embed__wrapper\">\nhttps:\/\/www.instagram.com\/p\/B7Iw-fzFfBW\/?igshid=1s8u0xghcaepa\n<\/div><\/figure>\n\n\n\n<p><strong>Ficha t\u00e9cnica:<\/strong><\/p>\n\n\n\n<p>Cria\u00e7\u00e3o e dire\u00e7\u00e3o: Paulo Henrique Ferreira<\/p>\n\n\n\n<p>Coreografias: O grupo em processo colaborativo<\/p>\n\n\n\n<p>Dire\u00e7\u00e3o de arte: Marcondes Lima<\/p>\n\n\n\n<p>Dramaturgia e texto: Fl\u00e1via Gomes<\/p>\n\n\n\n<p>Int\u00e9rpretes criadores: Mieja Chang, Henrique Braz, Cllau Soares, Silas Samarky e Valeria Barros.<\/p>\n\n\n\n<p>VJ e cria\u00e7\u00e3o de v\u00eddeos: Alberto Saulo<\/p>\n\n\n\n<p>Sonoplastia:&nbsp;Rodrigo&nbsp;Porto&nbsp;Cavalcanti<\/p>\n\n\n\n<p>Ilumina\u00e7\u00e3o: Luciana Raposo<\/p>\n\n\n\n<p>Fotos: Rog\u00e9rio Alves<\/p>\n\n\n\n<p>Assessoria de comunica\u00e7\u00e3o: Cleyton Cabral<\/p>\n\n\n\n<p><strong>Servi\u00e7o:<\/strong><\/p>\n\n\n\n<p>Temporada do espet\u00e1culo&nbsp;<em>Tijolos de Esquecimento&nbsp;<\/em>e Viv\u00eancia Cidade com o Acupe \u2013 Etapa Salvador<\/p>\n\n\n\n<p>Quando: 18 e&nbsp;<a>19 de janeiro<\/a>&nbsp;(s\u00e1bado e&nbsp;<a>domingo, \u00e0s 19h<\/a>)<\/p>\n\n\n\n<p>Onde: Teatro Martim Gon\u00e7alves (<a>Av. Ara\u00fajo Pinho, 292<\/a>&nbsp;\u2013 Canela)<\/p>\n\n\n\n<p>Ingressos: R$ 20,00 (inteira) e 10,00 (meia)<\/p>\n\n\n\n<p>Na apresenta\u00e7\u00e3o de domingo, ter\u00e1 audiodescri\u00e7\u00e3o.<\/p>\n\n\n\n<p>Contato: (71) 3283.7862<\/p>\n\n\n\n<p>\u201cViv\u00eancia Cidade\u201d com os integrantes do grupo \u2013 Gratuito<\/p>\n\n\n\n<p>Vagas: 15.<\/p>\n\n\n\n<p>S\u00e1bado (<a>18\/01<\/a>), das 9h&nbsp;<a>\u00e0s 13h<\/a>.<\/p>\n\n\n\n<p>A viv\u00eancia \u00e9 voltada para bailarinos, atores, performers, artistas pl\u00e1sticos, circenses e pessoas com experi\u00eancia em artes c\u00eanicas e idade m\u00ednima de 16 anos.<\/p>\n\n\n\n<p>Inscri\u00e7\u00f5es: enviar nome completo, endere\u00e7o, telefones para contato e breve curr\u00edculo (m\u00e1ximo 15 linhas) para&nbsp;<a href=\"mailto:acupegrupodedanca@gmail.com\" target=\"_blank\" rel=\"noreferrer noopener\">acupegrupodedanca@gmail.com<\/a>&nbsp;com o assunto: Viv\u00eancia Cidade.<\/p>\n","protected":false},"excerpt":{"rendered":"<p>\u201cTran\u00e7ando cartografias afetivas\u201d . Esse \u00e9 o nome do projeto Acupe Grupo de Dan\u00e7a, de Pernambuco, que aportar\u00e1 em Salvador neste m\u00eas de janeiro. O projeto, [&hellip;]<\/p>\n","protected":false},"author":1,"featured_media":20607,"comment_status":"open","ping_status":"open","sticky":false,"template":"","format":"standard","meta":{"footnotes":""},"categories":[80,16],"tags":[],"class_list":["post-20606","post","type-post","status-publish","format-standard","has-post-thumbnail","hentry","category-home","category-me-jogo"],"_links":{"self":[{"href":"https:\/\/blogs.correio24horas.com.br\/mesalte\/wp-json\/wp\/v2\/posts\/20606","targetHints":{"allow":["GET"]}}],"collection":[{"href":"https:\/\/blogs.correio24horas.com.br\/mesalte\/wp-json\/wp\/v2\/posts"}],"about":[{"href":"https:\/\/blogs.correio24horas.com.br\/mesalte\/wp-json\/wp\/v2\/types\/post"}],"author":[{"embeddable":true,"href":"https:\/\/blogs.correio24horas.com.br\/mesalte\/wp-json\/wp\/v2\/users\/1"}],"replies":[{"embeddable":true,"href":"https:\/\/blogs.correio24horas.com.br\/mesalte\/wp-json\/wp\/v2\/comments?post=20606"}],"version-history":[{"count":3,"href":"https:\/\/blogs.correio24horas.com.br\/mesalte\/wp-json\/wp\/v2\/posts\/20606\/revisions"}],"predecessor-version":[{"id":20610,"href":"https:\/\/blogs.correio24horas.com.br\/mesalte\/wp-json\/wp\/v2\/posts\/20606\/revisions\/20610"}],"wp:featuredmedia":[{"embeddable":true,"href":"https:\/\/blogs.correio24horas.com.br\/mesalte\/wp-json\/wp\/v2\/media\/20607"}],"wp:attachment":[{"href":"https:\/\/blogs.correio24horas.com.br\/mesalte\/wp-json\/wp\/v2\/media?parent=20606"}],"wp:term":[{"taxonomy":"category","embeddable":true,"href":"https:\/\/blogs.correio24horas.com.br\/mesalte\/wp-json\/wp\/v2\/categories?post=20606"},{"taxonomy":"post_tag","embeddable":true,"href":"https:\/\/blogs.correio24horas.com.br\/mesalte\/wp-json\/wp\/v2\/tags?post=20606"}],"curies":[{"name":"wp","href":"https:\/\/api.w.org\/{rel}","templated":true}]}}