{"id":20597,"date":"2020-01-12T00:40:33","date_gmt":"2020-01-12T03:40:33","guid":{"rendered":"https:\/\/blogs.correio24horas.com.br\/mesalte\/?p=20597"},"modified":"2020-01-12T00:40:37","modified_gmt":"2020-01-12T03:40:37","slug":"do-nada-caetano-veloso-aparece-na-balada-em-salvador","status":"publish","type":"post","link":"https:\/\/blogs.correio24horas.com.br\/mesalte\/do-nada-caetano-veloso-aparece-na-balada-em-salvador\/","title":{"rendered":"Do nada&#8230;Caetano Veloso aparece na balada em Salvador"},"content":{"rendered":"\n<p>Se voc\u00ea j\u00e1 viveu o Ver\u00e3o de Salvador sabe que a qualquer momento e em qualquer lugar voc\u00ea pode se deparar com Caetano Veloso pelas ruas de Salvador. <a href=\"https:\/\/www.instagram.com\/p\/B7GM0DulinE\/\">Essa semana, por exemplo, ele estava charlando l\u00e1 no Porto da Barra.<\/a> Neste s\u00e1bado (11) apareceu &#8211; de surpresa para o p\u00fablico &#8211; durante concerto da Orquestra Sinf\u00f4nica da Bahia (Osba) no Pelourinho. <\/p>\n\n\n\n<p>A apresenta\u00e7\u00e3o aconteceu na Pra\u00e7a das Artes, no Pelourinho. Caetano chegou no local cedo. Duas horas antes de subir ao palco ao lado dos m\u00fasicos da orquestra comandados pelo maestro Carlos Prazeres, ele j\u00e1 estava no local. Vestido de branco, se manteve no camarim at\u00e9 que o concerto tivesse in\u00edcio. <\/p>\n\n\n\n<p>Tomou um cafezinho (na verdade meio copo tipo americano) olhando para o palco ainda no camarim e, depois do caf\u00e9, ficou na \u00e1rea reservada para convidados assistindo a apresenta\u00e7\u00e3o da Osba ao lado da sua esposa e empres\u00e1ria Paula Lavigne. <\/p>\n\n\n\n<p>Ficou de olhos vidrados quando a orquestra apresentou a Quinta sinfonia de Beethoven. <\/p>\n\n\n\n<figure class=\"wp-block-embed-instagram wp-block-embed is-type-rich is-provider-instagram\"><div class=\"wp-block-embed__wrapper\">\nhttps:\/\/www.instagram.com\/p\/B7MgtHTlGtP\/\n<\/div><\/figure>\n\n\n\n<p>Apesar da surpresa para o p\u00fablico que n\u00e3o sabia da apresenta\u00e7\u00e3o do artista ela n\u00e3o foi t\u00e3aaao do nada assim. Caetano e a orquestra ensaiaram juntos essa semana &#8211; foi s\u00f3 uma vez. Talvez por isso Caetano tenha dito que estava nervoso. &#8220;Eu t\u00f4 nervoso de tocar aqui com essa orquestra&#8221;, disse o cantor que teve o mesmo sentimento partilhado pelo maestro: &#8216;Nervosos estamos n\u00f3s&#8221;, disse o maestro. <\/p>\n\n\n\n<figure class=\"wp-block-image\"><img loading=\"lazy\" decoding=\"async\" width=\"791\" height=\"1024\" src=\"https:\/\/blogs.correio24h.com.br\/mesalte\/wp-content\/uploads\/2020\/01\/Ver\u00e3oOsba_GabrielleGuido-2214-791x1024.jpg\" alt=\"\" class=\"wp-image-20604\" srcset=\"https:\/\/blogs.correio24h.com.br\/mesalte\/wp-content\/uploads\/2020\/01\/Ver\u00e3oOsba_GabrielleGuido-2214-791x1024.jpg 791w, https:\/\/blogs.correio24h.com.br\/mesalte\/wp-content\/uploads\/2020\/01\/Ver\u00e3oOsba_GabrielleGuido-2214-232x300.jpg 232w, https:\/\/blogs.correio24h.com.br\/mesalte\/wp-content\/uploads\/2020\/01\/Ver\u00e3oOsba_GabrielleGuido-2214-768x994.jpg 768w, https:\/\/blogs.correio24h.com.br\/mesalte\/wp-content\/uploads\/2020\/01\/Ver\u00e3oOsba_GabrielleGuido-2214-113x146.jpg 113w, https:\/\/blogs.correio24h.com.br\/mesalte\/wp-content\/uploads\/2020\/01\/Ver\u00e3oOsba_GabrielleGuido-2214-39x50.jpg 39w, https:\/\/blogs.correio24h.com.br\/mesalte\/wp-content\/uploads\/2020\/01\/Ver\u00e3oOsba_GabrielleGuido-2214-58x75.jpg 58w\" sizes=\"auto, (max-width: 791px) 100vw, 791px\" \/><\/figure>\n\n\n\n<p>A Osba e Caetano cantaram juntos tr\u00eas m\u00fasicas: Milagres do Povo, Caju\u00edna e Tieta &#8211; essa \u00faltima a mais ovacionada pelo p\u00fablico de aproximadamente mil pessoas que lotaram o espa\u00e7o. S\u00f3 n\u00e3o teve mais gente pela limita\u00e7\u00e3o f\u00edsica do espa\u00e7o. Se formou fila e quem n\u00e3o sabia que Caetano estava l\u00e1 e estava no Pel\u00f4 veio na esperan\u00e7a de v\u00ea-lo de perto. <\/p>\n\n\n\n<p>Quem entrou pediu mais Caetano, mas como n\u00e3o tinham ensaiado mais can\u00e7\u00f5es o cantor saiu \u00e0 francesa &#8211; ou melhor &#8211; \u00e0 moda santoamarense. <\/p>\n\n\n\n<figure class=\"wp-block-embed-instagram wp-block-embed is-type-rich is-provider-instagram\"><div class=\"wp-block-embed__wrapper\">\nhttps:\/\/www.instagram.com\/p\/B7Msqq7l8qU\/\n<\/div><\/figure>\n\n\n\n<p>Ah, e se voc\u00ea ficou na turma que n\u00e3o conseguiu entrar para ver Caetano na Osba n\u00e3o se entriste\u00e7a. Do nada ele aparece por a\u00ed. Afinal, como disse o colunista do CORREIO Osmar Marrom Martins, <a href=\"https:\/\/www.facebook.com\/photo.php?fbid=2656617707904584&amp;set=a.1595953383971027&amp;type=3&amp;theater\">o Ver\u00e3o da Bahia s\u00f3 come\u00e7a quando Caetano desembarca por aqui<\/a>. Ele ele arriou as malas com gosto. Fique mais, Ca\u00ea! Vamos tomar esse caf\u00e9 juntos na pr\u00f3xima &#8211; ou a cervejinha no Porto que est\u00e1 valendo igual: ) <\/p>\n","protected":false},"excerpt":{"rendered":"<p>Se voc\u00ea j\u00e1 viveu o Ver\u00e3o de Salvador sabe que a qualquer momento e em qualquer lugar voc\u00ea pode se deparar com Caetano Veloso pelas ruas [&hellip;]<\/p>\n","protected":false},"author":1,"featured_media":20599,"comment_status":"open","ping_status":"open","sticky":false,"template":"","format":"standard","meta":{"footnotes":""},"categories":[28,80],"tags":[],"class_list":["post-20597","post","type-post","status-publish","format-standard","has-post-thumbnail","hentry","category-farofa-digital","category-home"],"_links":{"self":[{"href":"https:\/\/blogs.correio24horas.com.br\/mesalte\/wp-json\/wp\/v2\/posts\/20597","targetHints":{"allow":["GET"]}}],"collection":[{"href":"https:\/\/blogs.correio24horas.com.br\/mesalte\/wp-json\/wp\/v2\/posts"}],"about":[{"href":"https:\/\/blogs.correio24horas.com.br\/mesalte\/wp-json\/wp\/v2\/types\/post"}],"author":[{"embeddable":true,"href":"https:\/\/blogs.correio24horas.com.br\/mesalte\/wp-json\/wp\/v2\/users\/1"}],"replies":[{"embeddable":true,"href":"https:\/\/blogs.correio24horas.com.br\/mesalte\/wp-json\/wp\/v2\/comments?post=20597"}],"version-history":[{"count":6,"href":"https:\/\/blogs.correio24horas.com.br\/mesalte\/wp-json\/wp\/v2\/posts\/20597\/revisions"}],"predecessor-version":[{"id":20605,"href":"https:\/\/blogs.correio24horas.com.br\/mesalte\/wp-json\/wp\/v2\/posts\/20597\/revisions\/20605"}],"wp:featuredmedia":[{"embeddable":true,"href":"https:\/\/blogs.correio24horas.com.br\/mesalte\/wp-json\/wp\/v2\/media\/20599"}],"wp:attachment":[{"href":"https:\/\/blogs.correio24horas.com.br\/mesalte\/wp-json\/wp\/v2\/media?parent=20597"}],"wp:term":[{"taxonomy":"category","embeddable":true,"href":"https:\/\/blogs.correio24horas.com.br\/mesalte\/wp-json\/wp\/v2\/categories?post=20597"},{"taxonomy":"post_tag","embeddable":true,"href":"https:\/\/blogs.correio24horas.com.br\/mesalte\/wp-json\/wp\/v2\/tags?post=20597"}],"curies":[{"name":"wp","href":"https:\/\/api.w.org\/{rel}","templated":true}]}}