{"id":20594,"date":"2020-01-12T00:02:29","date_gmt":"2020-01-12T03:02:29","guid":{"rendered":"https:\/\/blogs.correio24horas.com.br\/mesalte\/?p=20594"},"modified":"2020-01-12T00:02:31","modified_gmt":"2020-01-12T03:02:31","slug":"denny-denan-e-o-convidado-do-ensaio-do-cortejo-afro-desta-segunda-feira-13","status":"publish","type":"post","link":"https:\/\/blogs.correio24horas.com.br\/mesalte\/denny-denan-e-o-convidado-do-ensaio-do-cortejo-afro-desta-segunda-feira-13\/","title":{"rendered":"Denny Denan \u00e9 o convidado do Ensaio do Cortejo Afro desta segunda-feira (13)"},"content":{"rendered":"\n<p>A banda Cortejo Afro realiza mais uma edi\u00e7\u00e3o dos Ensaios nesta segunda-feira (13), e recebe Denny Denan como convidado para participa\u00e7\u00e3o especial. O show acontece no Largo Quincas Berro D\u2019\u00c1gua &#8211; Pelourinho, a partir das 21 horas. Os ingressos antecipados j\u00e1 est\u00e3o \u00e0 venda no Sympla.<\/p>\n\n\n\n<p> Durante o show, que tem a dire\u00e7\u00e3o art\u00edstica de Alberto Pitta, a banda promete agitar o p\u00fablico com o som de suas composi\u00e7\u00f5es, mescladas a releituras de cl\u00e1ssicos da MPB, do Pop e da batida percussiva, promovendo experi\u00eancias est\u00e9ticas inovadoras que v\u00e3o unir dan\u00e7a, m\u00fasica e artes visuais em um mesmo espet\u00e1culo.<br><\/p>\n\n\n\n<p> Servi\u00e7o:<br> Ensaio do Cortejo Afro<br> Convidado: Denny Denan<br> Quando: Segunda-feira, 13\/01\/2020.<br> Onde: Largo Quincas Berro D\u2019\u00c1gua &#8211; Pelourinho \/ Salvador \u2013 Bahia.<br> Hor\u00e1rio: 21h.<br> Quanto: R$60,00 (inteira) e R$30,00 (meia-entrada).<br> Vendas antecipadas: Sympla e nos Restaurantes Portal do Pel\u00f4 e Odoy\u00e1 (Pelourinho). No dia do evento a bilheteria funcionar\u00e1 a partir das 17h.<br> Abertura: DJ Pimenta<\/p>\n","protected":false},"excerpt":{"rendered":"<p>A banda Cortejo Afro realiza mais uma edi\u00e7\u00e3o dos Ensaios nesta segunda-feira (13), e recebe Denny Denan como convidado para participa\u00e7\u00e3o especial. O show acontece no [&hellip;]<\/p>\n","protected":false},"author":1,"featured_media":20595,"comment_status":"open","ping_status":"open","sticky":false,"template":"","format":"standard","meta":{"footnotes":""},"categories":[80,16],"tags":[912],"class_list":["post-20594","post","type-post","status-publish","format-standard","has-post-thumbnail","hentry","category-home","category-me-jogo","tag-cortejo-afro"],"_links":{"self":[{"href":"https:\/\/blogs.correio24horas.com.br\/mesalte\/wp-json\/wp\/v2\/posts\/20594","targetHints":{"allow":["GET"]}}],"collection":[{"href":"https:\/\/blogs.correio24horas.com.br\/mesalte\/wp-json\/wp\/v2\/posts"}],"about":[{"href":"https:\/\/blogs.correio24horas.com.br\/mesalte\/wp-json\/wp\/v2\/types\/post"}],"author":[{"embeddable":true,"href":"https:\/\/blogs.correio24horas.com.br\/mesalte\/wp-json\/wp\/v2\/users\/1"}],"replies":[{"embeddable":true,"href":"https:\/\/blogs.correio24horas.com.br\/mesalte\/wp-json\/wp\/v2\/comments?post=20594"}],"version-history":[{"count":1,"href":"https:\/\/blogs.correio24horas.com.br\/mesalte\/wp-json\/wp\/v2\/posts\/20594\/revisions"}],"predecessor-version":[{"id":20596,"href":"https:\/\/blogs.correio24horas.com.br\/mesalte\/wp-json\/wp\/v2\/posts\/20594\/revisions\/20596"}],"wp:featuredmedia":[{"embeddable":true,"href":"https:\/\/blogs.correio24horas.com.br\/mesalte\/wp-json\/wp\/v2\/media\/20595"}],"wp:attachment":[{"href":"https:\/\/blogs.correio24horas.com.br\/mesalte\/wp-json\/wp\/v2\/media?parent=20594"}],"wp:term":[{"taxonomy":"category","embeddable":true,"href":"https:\/\/blogs.correio24horas.com.br\/mesalte\/wp-json\/wp\/v2\/categories?post=20594"},{"taxonomy":"post_tag","embeddable":true,"href":"https:\/\/blogs.correio24horas.com.br\/mesalte\/wp-json\/wp\/v2\/tags?post=20594"}],"curies":[{"name":"wp","href":"https:\/\/api.w.org\/{rel}","templated":true}]}}