{"id":20585,"date":"2020-01-11T23:45:30","date_gmt":"2020-01-12T02:45:30","guid":{"rendered":"https:\/\/blogs.correio24horas.com.br\/mesalte\/?p=20585"},"modified":"2020-01-11T23:46:53","modified_gmt":"2020-01-12T02:46:53","slug":"namoradas-bianca-comparato-e-alice-braga-curtem-juntas-show-da-osba-com-caetano-em-salvador","status":"publish","type":"post","link":"https:\/\/blogs.correio24horas.com.br\/mesalte\/namoradas-bianca-comparato-e-alice-braga-curtem-juntas-show-da-osba-com-caetano-em-salvador\/","title":{"rendered":"Namoradas, Bianca Comparato e Alice Braga curtem juntas show da Osba com Caetano em Salvador"},"content":{"rendered":"\n<p>Discretas e curtindo o show sem nenhuma demonstra\u00e7\u00e3o p\u00fablica afeto. Assim estavam as atrizes Alice Braga e Bianca Comparato na noite deste s\u00e1bado (11)  no Pelourinho durante apresenta\u00e7\u00e3o da Orquestra Sinf\u00f4nica da Bahia  (Osba) no Pelourinho que teve a participa\u00e7\u00e3o de Caetano Veloso. <\/p>\n\n\n\n<p><a href=\"http:\/\/correio24horas.com.br\/noticia\/nid\/alice-braga-assume-namoro-com-bianca-comparato-relacionamento-ja-dura-tres-anos\/\">H\u00e1 uma semana as duas assumiram o namoro ap\u00f3s a informa\u00e7\u00e3o sobre o relacionamento <\/a>delas ter sido inicialmente publicada pelo jornal &#8220;Extra&#8221; e confirmada depois para imprensa em geral pelas equipes de assessoria de imprensa das duas atrizes. <\/p>\n\n\n\n<p>Veja foto das duas feitas durante o momento em que Caetano Veloso estava no palco da Osba, no projeto Osba de Ver\u00e3o:<\/p>\n\n\n\n<figure class=\"wp-block-image\"><img loading=\"lazy\" decoding=\"async\" width=\"1024\" height=\"739\" src=\"https:\/\/blogs.correio24h.com.br\/mesalte\/wp-content\/uploads\/2020\/01\/bianca-1024x739.jpg\" alt=\"alice braga e bianca comparato\" class=\"wp-image-20587\" srcset=\"https:\/\/blogs.correio24h.com.br\/mesalte\/wp-content\/uploads\/2020\/01\/bianca-1024x739.jpg 1024w, https:\/\/blogs.correio24h.com.br\/mesalte\/wp-content\/uploads\/2020\/01\/bianca-300x217.jpg 300w, https:\/\/blogs.correio24h.com.br\/mesalte\/wp-content\/uploads\/2020\/01\/bianca-768x554.jpg 768w, https:\/\/blogs.correio24h.com.br\/mesalte\/wp-content\/uploads\/2020\/01\/bianca-202x146.jpg 202w, https:\/\/blogs.correio24h.com.br\/mesalte\/wp-content\/uploads\/2020\/01\/bianca-50x36.jpg 50w, https:\/\/blogs.correio24h.com.br\/mesalte\/wp-content\/uploads\/2020\/01\/bianca-104x75.jpg 104w, https:\/\/blogs.correio24h.com.br\/mesalte\/wp-content\/uploads\/2020\/01\/bianca.jpg 1280w\" sizes=\"auto, (max-width: 1024px) 100vw, 1024px\" \/><\/figure>\n\n\n\n<p>Alice e Bianca pretendem manter a discri\u00e7\u00e3o sobre suas vidas pessoais e, por isso, optaram por n\u00e3o dar maiores detalhes sobre o assunto que dominou a internet na \u00faltima semana. <\/p>\n\n\n\n<p>Durante a apresenta\u00e7\u00e3o deste s\u00e1bado no Pelourinho as duas ficaram sentadas em uma \u00e1rea reservada para convidados. Elas deixaram o espa\u00e7o alguns minutos antes do fim da apresenta\u00e7\u00e3o e ap\u00f3s Caetano Veloso deixar o palco. <\/p>\n\n\n\n<p><\/p>\n","protected":false},"excerpt":{"rendered":"<p>Discretas e curtindo o show sem nenhuma demonstra\u00e7\u00e3o p\u00fablica afeto. Assim estavam as atrizes Alice Braga e Bianca Comparato na noite deste s\u00e1bado (11) no Pelourinho [&hellip;]<\/p>\n","protected":false},"author":1,"featured_media":20586,"comment_status":"open","ping_status":"open","sticky":false,"template":"","format":"standard","meta":{"footnotes":""},"categories":[28,80],"tags":[1964,1965],"class_list":["post-20585","post","type-post","status-publish","format-standard","has-post-thumbnail","hentry","category-farofa-digital","category-home","tag-alice-braga","tag-bianca-comparato"],"_links":{"self":[{"href":"https:\/\/blogs.correio24horas.com.br\/mesalte\/wp-json\/wp\/v2\/posts\/20585","targetHints":{"allow":["GET"]}}],"collection":[{"href":"https:\/\/blogs.correio24horas.com.br\/mesalte\/wp-json\/wp\/v2\/posts"}],"about":[{"href":"https:\/\/blogs.correio24horas.com.br\/mesalte\/wp-json\/wp\/v2\/types\/post"}],"author":[{"embeddable":true,"href":"https:\/\/blogs.correio24horas.com.br\/mesalte\/wp-json\/wp\/v2\/users\/1"}],"replies":[{"embeddable":true,"href":"https:\/\/blogs.correio24horas.com.br\/mesalte\/wp-json\/wp\/v2\/comments?post=20585"}],"version-history":[{"count":2,"href":"https:\/\/blogs.correio24horas.com.br\/mesalte\/wp-json\/wp\/v2\/posts\/20585\/revisions"}],"predecessor-version":[{"id":20590,"href":"https:\/\/blogs.correio24horas.com.br\/mesalte\/wp-json\/wp\/v2\/posts\/20585\/revisions\/20590"}],"wp:featuredmedia":[{"embeddable":true,"href":"https:\/\/blogs.correio24horas.com.br\/mesalte\/wp-json\/wp\/v2\/media\/20586"}],"wp:attachment":[{"href":"https:\/\/blogs.correio24horas.com.br\/mesalte\/wp-json\/wp\/v2\/media?parent=20585"}],"wp:term":[{"taxonomy":"category","embeddable":true,"href":"https:\/\/blogs.correio24horas.com.br\/mesalte\/wp-json\/wp\/v2\/categories?post=20585"},{"taxonomy":"post_tag","embeddable":true,"href":"https:\/\/blogs.correio24horas.com.br\/mesalte\/wp-json\/wp\/v2\/tags?post=20585"}],"curies":[{"name":"wp","href":"https:\/\/api.w.org\/{rel}","templated":true}]}}