{"id":20579,"date":"2020-01-07T13:31:38","date_gmt":"2020-01-07T16:31:38","guid":{"rendered":"https:\/\/blogs.correio24horas.com.br\/mesalte\/?p=20579"},"modified":"2020-01-07T13:32:44","modified_gmt":"2020-01-07T16:32:44","slug":"vivemos-em-um-contexto-de-crise-diz-socia-de-margareth-menezes-sobre-cancelamento-do-mercado-iao","status":"publish","type":"post","link":"https:\/\/blogs.correio24horas.com.br\/mesalte\/vivemos-em-um-contexto-de-crise-diz-socia-de-margareth-menezes-sobre-cancelamento-do-mercado-iao\/","title":{"rendered":"&#8216;Vivemos em um contexto de crise&#8217;, diz s\u00f3cia de Margareth Menezes sobre cancelamento do Mercado Ia\u00f4"},"content":{"rendered":"\n<p>Faltou dinheiro para colocar o Mercado Ia\u00f4 2020 na rua. O espa\u00e7o, que nos \u00faltimos anos lotou a Ribeira,<a href=\"https:\/\/www.correio24horas.com.br\/noticia\/nid\/por-falta-de-patrocinio-mercado-iao-nao-sera-realizado-no-verao-2020\/\"> com shows de Magareth Menezes e convidados n\u00e3o ser\u00e1 realizado por falta de recursos.<\/a> O Me Salte conversou com Jaqueline Azevedo, diretora da F\u00e1brica Cultural, e s\u00f3cia de Margareth Menezes, sobre as raz\u00f5es pelas quais o mercado foi cancelado. Os f\u00e3s de Maga n\u00e3o ficar\u00e3o abandonados no Ver\u00e3o. Dia 8 de fevereiro, por exemplo, ela \u00e9 uma das atra\u00e7\u00f5es do projeto Concha Negra (Teatro Castro Alves) ao lado de Afrocidade e Luedji Luna. <\/p>\n\n\n\n<p>Confira a entrevista: <\/p>\n\n\n\n<ul class=\"wp-block-list\"><li><strong>Nos \u00faltimos anos o Mercado Ia\u00f4 foi um dos pontos altos do ver\u00e3o. Como foi a decis\u00e3o de descontinuar o projeto t\u00e3o exitoso<\/strong>? <\/li><\/ul>\n\n\n\n<p><em>At\u00e9 o \u00faltimo momento trabalhamos pela capta\u00e7\u00e3o de recursos. Fazemos parte de uma rede com mais de 40 associa\u00e7\u00f5es na Pen\u00ednsula de Itapagipe, existimos e resistimos por conta das comunidades de Itapagipe, soteropolitana e baiana. Como uma Organiza\u00e7\u00e3o Social e como Centro de Economia Criativa, essa decis\u00e3o de adiar o Mercado IA\u00d4 Ver\u00e3o 2020 se deve em respeito aos 300 empreendedores, artistas e agentes culturais que constroem conosco o evento, \u00e0s 5 mil pessoas que comp\u00f5em o p\u00fablico a cada domingo e \u00e0s comunidades, que esperam nossas a\u00e7\u00f5es de ver\u00e3o.<\/em><\/p>\n\n\n\n<p><em> O Mercado IA\u00d4 gera trabalhos diretos e indiretos para centenas de pessoas, bem como promove arte, cultura, lazer e informa\u00e7\u00e3o para a popula\u00e7\u00e3o de Salvador e da Bahia. Estamos esperan\u00e7osos que, no pr\u00f3ximo ano, consigamos realizar muitas edi\u00e7\u00f5es no ver\u00e3o baiano.<\/em><\/p>\n\n\n\n<ul class=\"wp-block-gallery columns-1 is-cropped wp-block-gallery-1 is-layout-flex wp-block-gallery-is-layout-flex\"><li class=\"blocks-gallery-item\"><figure><img loading=\"lazy\" decoding=\"async\" width=\"720\" height=\"458\" src=\"https:\/\/blogs.correio24h.com.br\/mesalte\/wp-content\/uploads\/2020\/01\/jaqueline.jpg\" alt=\"\" data-id=\"20580\" data-link=\"https:\/\/blogs.correio24horas.com.br\/mesalte\/?attachment_id=20580\" class=\"wp-image-20580\" srcset=\"https:\/\/blogs.correio24h.com.br\/mesalte\/wp-content\/uploads\/2020\/01\/jaqueline.jpg 720w, https:\/\/blogs.correio24h.com.br\/mesalte\/wp-content\/uploads\/2020\/01\/jaqueline-300x191.jpg 300w, https:\/\/blogs.correio24h.com.br\/mesalte\/wp-content\/uploads\/2020\/01\/jaqueline-230x146.jpg 230w, https:\/\/blogs.correio24h.com.br\/mesalte\/wp-content\/uploads\/2020\/01\/jaqueline-50x32.jpg 50w, https:\/\/blogs.correio24h.com.br\/mesalte\/wp-content\/uploads\/2020\/01\/jaqueline-118x75.jpg 118w\" sizes=\"auto, (max-width: 720px) 100vw, 720px\" \/><\/figure><\/li><\/ul>\n\n\n\n<ul class=\"wp-block-list\"><li><strong>Por quais motivos voc\u00ea acredita que faltou interesse dos patrocinadores de investir no projeto esse ano? <\/strong><\/li><\/ul>\n\n\n\n<p><em>Vivemos em um contexto de crise econ\u00f4mica no Brasil e o setor sociocultural tem sido atingido diretamente. <\/em><\/p>\n\n\n\n<ul class=\"wp-block-list\"><li><strong>Quanto de dinheiro seria necess\u00e1rio para colocar o projeto na rua? Por quais motivos voc\u00eas n\u00e3o conseguiram captar esse recurso? <\/strong><\/li><\/ul>\n\n\n\n<p><em>Pelo car\u00e1ter institucional de n\u00e3o termos fins lucrativos e por trabalharmos durante o ano todo na mobiliza\u00e7\u00e3o junto aos grupos produtivos e comunit\u00e1rios, pela qualifica\u00e7\u00e3o e curadorias, bem como outras atividades, o valor do projeto n\u00e3o se reduz ao domingo de realiza\u00e7\u00e3o. N\u00e3o se trata de um evento pontual. S\u00e3o meses que antecedem e meses ap\u00f3s os domingos do Mercado Ia\u00f4 ver\u00e3o de muito trabalho. Sendo assim os nossos valores s\u00e3o compat\u00edveis com o mercado e \u00e0s leis de incentivo estaduais e federais.<\/em><\/p>\n\n\n\n<ul class=\"wp-block-list\"><li><strong>Foi pensado em mudar a t\u00f4nica do projeto e passar a cobrar ingressos em valores n\u00e3o populares como ocorria (ou at\u00e9 mesmo cancelar a gratuidade que havia a depender do hor\u00e1rio)? <\/strong><\/li><\/ul>\n\n\n\n<p><em>A gratuidade at\u00e9 \u00e0s 14h e a tarifa social cobrada ap\u00f3s o hor\u00e1rio s\u00e3o um compromisso para n\u00f3s, n\u00e3o pensamos em alterar estes crit\u00e9rios de acesso. O Mercado IA\u00d4 Ver\u00e3o s\u00f3 existe por e pela comunidade, por isso h\u00e1 tanto clamor para que continuemos, para que consigamos patroc\u00ednio e apoios diversos. Maga e toda a equipe da F\u00e1brica Cultural e do Mercado IA\u00d4 est\u00e3o emocionados e fortalecidos para fazer uma edi\u00e7\u00e3o \u00fanica nesse ver\u00e3o e realizarmos muitos domingos no pr\u00f3ximo ano.<\/em><\/p>\n\n\n\n<ul class=\"wp-block-list\"><li><strong>O Ia\u00f4 ia muito al\u00e9m da m\u00fasica. Como os outros aspectos do mercado &#8211; economia criativa, etc &#8211; ser\u00e3o contemplados?<\/strong><\/li><\/ul>\n\n\n\n<p><em>O Mercado IA\u00d4 surgiu como uma proposta de ocupa\u00e7\u00e3o de um espa\u00e7o com m\u00faltiplas linguagens. Para al\u00e9m da m\u00fasica, teatro, poesia, artes pl\u00e1sticas, gastronomia, artesanato e ideias criativas t\u00eam no evento um espa\u00e7o de fomento. A Associa\u00e7\u00e3o F\u00e1brica Cultural atua h\u00e1 mais de 15 anos na Bahia, nos eixos estrat\u00e9gicos de Educa\u00e7\u00e3o, Cultura e Sustentabilidade. Temos outros projetos, como o Aprendiz em Cena, que qualifica 120 jovens na \u00e1rea teatral, pela lei do Jovem Aprendiz, ou seja, com carteira de trabalho assinada. Em 2019, tamb\u00e9m fomos credenciados como organiza\u00e7\u00e3o gestora da qualifica\u00e7\u00e3o, fomento e comercializa\u00e7\u00e3o do Artesanato da Bahia. Seguimos abertos a parcerias e interessados em realizar projetos socioculturais, voltados para gera\u00e7\u00e3o de renda e fortalecimento da comunidade.<\/em><\/p>\n","protected":false},"excerpt":{"rendered":"<p>Faltou dinheiro para colocar o Mercado Ia\u00f4 2020 na rua. O espa\u00e7o, que nos \u00faltimos anos lotou a Ribeira, com shows de Magareth Menezes e convidados [&hellip;]<\/p>\n","protected":false},"author":1,"featured_media":0,"comment_status":"open","ping_status":"open","sticky":false,"template":"","format":"standard","meta":{"footnotes":""},"categories":[80],"tags":[],"class_list":["post-20579","post","type-post","status-publish","format-standard","hentry","category-home"],"_links":{"self":[{"href":"https:\/\/blogs.correio24horas.com.br\/mesalte\/wp-json\/wp\/v2\/posts\/20579","targetHints":{"allow":["GET"]}}],"collection":[{"href":"https:\/\/blogs.correio24horas.com.br\/mesalte\/wp-json\/wp\/v2\/posts"}],"about":[{"href":"https:\/\/blogs.correio24horas.com.br\/mesalte\/wp-json\/wp\/v2\/types\/post"}],"author":[{"embeddable":true,"href":"https:\/\/blogs.correio24horas.com.br\/mesalte\/wp-json\/wp\/v2\/users\/1"}],"replies":[{"embeddable":true,"href":"https:\/\/blogs.correio24horas.com.br\/mesalte\/wp-json\/wp\/v2\/comments?post=20579"}],"version-history":[{"count":2,"href":"https:\/\/blogs.correio24horas.com.br\/mesalte\/wp-json\/wp\/v2\/posts\/20579\/revisions"}],"predecessor-version":[{"id":20582,"href":"https:\/\/blogs.correio24horas.com.br\/mesalte\/wp-json\/wp\/v2\/posts\/20579\/revisions\/20582"}],"wp:attachment":[{"href":"https:\/\/blogs.correio24horas.com.br\/mesalte\/wp-json\/wp\/v2\/media?parent=20579"}],"wp:term":[{"taxonomy":"category","embeddable":true,"href":"https:\/\/blogs.correio24horas.com.br\/mesalte\/wp-json\/wp\/v2\/categories?post=20579"},{"taxonomy":"post_tag","embeddable":true,"href":"https:\/\/blogs.correio24horas.com.br\/mesalte\/wp-json\/wp\/v2\/tags?post=20579"}],"curies":[{"name":"wp","href":"https:\/\/api.w.org\/{rel}","templated":true}]}}