{"id":20542,"date":"2019-12-17T11:09:06","date_gmt":"2019-12-17T14:09:06","guid":{"rendered":"https:\/\/blogs.correio24horas.com.br\/mesalte\/?p=20542"},"modified":"2019-12-17T11:09:07","modified_gmt":"2019-12-17T14:09:07","slug":"ludmilla-casa-com-namorada-em-festa-surpresa-resolvi-tudo-em-um-dia","status":"publish","type":"post","link":"https:\/\/blogs.correio24horas.com.br\/mesalte\/ludmilla-casa-com-namorada-em-festa-surpresa-resolvi-tudo-em-um-dia\/","title":{"rendered":"Ludmilla casa com namorada em festa surpresa: &#8216;Resolvi tudo em um dia&#8217;"},"content":{"rendered":"\n<p>A cantora Ludmilla entrou para o grupo das mulheres casadas. A cantora se casou com a namorada, a dan\u00e7arina Brunna Gon\u00e7alves, na noite deste segunda-feira (16), logo ap\u00f3s pedi-la em casamento. Segundo informa\u00e7\u00f5es do colunista Leo Dias, do portal Uol, o pedido foi feito no dia do anivers\u00e1rio de Brunna, na sala da casa da funkeira, que organizou tudo em apenas um dia. <\/p>\n\n\n\n<p>&#8220;Era anivers\u00e1rio dela, e eu resolvi fazer uma surpresa, um casamento surpresa. Eu resolvi tudo em um dia s\u00f3, sem ela saber. Foi a maior confus\u00e3o, todo mundo tentando arrumar roupa de casamento&#8230; Mas, consegui at\u00e9 trazer o pessoal do cart\u00f3rio aqui em casa&#8230;&#8221;, disse Ludmilla, com exclusividade \u00e0 Leo Dias.<\/p>\n\n\n\n<p>Ao pedir a m\u00e3o da namorada, Ludmilla disse: &#8220;Bru, reuni todo mundo que a gente ama aqui, que vive com a gente, que torce pela gente, pra te fazer um pedido. Eu queria saber se voc\u00ea aceita se casar comigo&#8221;. Assim que Brunna disse sim, a funkeira completou &#8220;&#8221;Tu aceita? Ent\u00e3o bora l\u00e1 fora casar ent\u00e3o&#8221;, surpreendendo a namorada com o casamento surpresa.<\/p>\n\n\n\n<p>Ludmilla e Brunna ficaram pela primeira vez h\u00e1 cerca de tr\u00eas anos, conforme revelou a dan\u00e7arina em conversa com seus seguidores nas redes sociais. Entretanto, as duas come\u00e7aram a namorar apenas em outubro de 2018 e s\u00f3 assumiram a rela\u00e7\u00e3o publicamente em junho desse ano. <\/p>\n","protected":false},"excerpt":{"rendered":"<p>A cantora Ludmilla entrou para o grupo das mulheres casadas. A cantora se casou com a namorada, a dan\u00e7arina Brunna Gon\u00e7alves, na noite deste segunda-feira (16), [&hellip;]<\/p>\n","protected":false},"author":3,"featured_media":20543,"comment_status":"open","ping_status":"open","sticky":false,"template":"","format":"image","meta":{"footnotes":""},"categories":[80,9],"tags":[1960,1772],"class_list":["post-20542","post","type-post","status-publish","format-image","has-post-thumbnail","hentry","category-home","category-me-orgulho","tag-brunna-goncalves","tag-ludmilla","post_format-post-format-image"],"_links":{"self":[{"href":"https:\/\/blogs.correio24horas.com.br\/mesalte\/wp-json\/wp\/v2\/posts\/20542","targetHints":{"allow":["GET"]}}],"collection":[{"href":"https:\/\/blogs.correio24horas.com.br\/mesalte\/wp-json\/wp\/v2\/posts"}],"about":[{"href":"https:\/\/blogs.correio24horas.com.br\/mesalte\/wp-json\/wp\/v2\/types\/post"}],"author":[{"embeddable":true,"href":"https:\/\/blogs.correio24horas.com.br\/mesalte\/wp-json\/wp\/v2\/users\/3"}],"replies":[{"embeddable":true,"href":"https:\/\/blogs.correio24horas.com.br\/mesalte\/wp-json\/wp\/v2\/comments?post=20542"}],"version-history":[{"count":1,"href":"https:\/\/blogs.correio24horas.com.br\/mesalte\/wp-json\/wp\/v2\/posts\/20542\/revisions"}],"predecessor-version":[{"id":20544,"href":"https:\/\/blogs.correio24horas.com.br\/mesalte\/wp-json\/wp\/v2\/posts\/20542\/revisions\/20544"}],"wp:featuredmedia":[{"embeddable":true,"href":"https:\/\/blogs.correio24horas.com.br\/mesalte\/wp-json\/wp\/v2\/media\/20543"}],"wp:attachment":[{"href":"https:\/\/blogs.correio24horas.com.br\/mesalte\/wp-json\/wp\/v2\/media?parent=20542"}],"wp:term":[{"taxonomy":"category","embeddable":true,"href":"https:\/\/blogs.correio24horas.com.br\/mesalte\/wp-json\/wp\/v2\/categories?post=20542"},{"taxonomy":"post_tag","embeddable":true,"href":"https:\/\/blogs.correio24horas.com.br\/mesalte\/wp-json\/wp\/v2\/tags?post=20542"}],"curies":[{"name":"wp","href":"https:\/\/api.w.org\/{rel}","templated":true}]}}