{"id":20538,"date":"2019-12-16T09:29:52","date_gmt":"2019-12-16T12:29:52","guid":{"rendered":"https:\/\/blogs.correio24horas.com.br\/mesalte\/?p=20538"},"modified":"2019-12-16T09:29:53","modified_gmt":"2019-12-16T12:29:53","slug":"ana-mametto-recebe-marcia-castro-e-marcia-freire-no-pelo","status":"publish","type":"post","link":"https:\/\/blogs.correio24horas.com.br\/mesalte\/ana-mametto-recebe-marcia-castro-e-marcia-freire-no-pelo\/","title":{"rendered":"Ana Mametto recebe M\u00e1rcia Castro e M\u00e1rcia Freire no Pel\u00f4"},"content":{"rendered":"\n<p>O show \u201cNoite da Deusa\u201d da cantora e atriz Ana Mametto j\u00e1 tem uma nova data para acontecer: 21 de dezembro, \u00e0s 20h, no Largo Quincas Berro D\u2019\u00c1gua, no Pelourinho. <br><br>A segunda edi\u00e7\u00e3o do espet\u00e1culo contar\u00e1 com as participa\u00e7\u00f5es especiais de M\u00e1rcia Castro e M\u00e1rcia Freire, que apresentar\u00e3o alguns dos seus grandes sucessos. <\/p>\n\n\n\n<p>Na \u201cNoite da Deusa\u201d, Ana Mametto mergulha na m\u00fasica afro em suas diversas dimens\u00f5es fazendo uma verdadeira homenagem \u00e0s yab\u00e1s da Umbanda, em uma mistura de elementos da cultura pop e eletr\u00f4nica com os toques ancestrais dos atabaques e curimbas, afox\u00e9s e tambores baianos.<\/p>\n\n\n\n<p>O show, que tem dire\u00e7\u00e3o art\u00edstica de Daniel Arcades e Thiago Romero, dire\u00e7\u00e3o musical de Yacoce Sim\u00f5es e produ\u00e7\u00e3o de Paula Hazin, tem o apoio da Bahiatursa e comp\u00f5e a programa\u00e7\u00e3o do Projeto Pel\u00f4 da Bahia, que integra a estrutura do Centro de Cultura Populares e Identit\u00e1rias (CCPI\/Secretaria de Cultura do Estado da Bahia). A proposta \u00e9 a promo\u00e7\u00e3o da diversidade cultural, de forma acess\u00edvel ou gratuita nos espa\u00e7os culturais do Pelourinho.<\/p>\n\n\n\n<p>Servi\u00e7o:<\/p>\n\n\n\n<p>Data: 21 de dezembro (s\u00e1bado)<\/p>\n\n\n\n<p>Local: Largo Quincas Berro D\u2019Agua, Pelourinho<\/p>\n\n\n\n<p>Hor\u00e1rio: 20h<\/p>\n\n\n\n<p>Entrada gratuita.<\/p>\n","protected":false},"excerpt":{"rendered":"<p>O show \u201cNoite da Deusa\u201d da cantora e atriz Ana Mametto j\u00e1 tem uma nova data para acontecer: 21 de dezembro, \u00e0s 20h, no Largo Quincas [&hellip;]<\/p>\n","protected":false},"author":1,"featured_media":20539,"comment_status":"open","ping_status":"open","sticky":false,"template":"","format":"standard","meta":{"footnotes":""},"categories":[28,80],"tags":[],"class_list":["post-20538","post","type-post","status-publish","format-standard","has-post-thumbnail","hentry","category-farofa-digital","category-home"],"_links":{"self":[{"href":"https:\/\/blogs.correio24horas.com.br\/mesalte\/wp-json\/wp\/v2\/posts\/20538","targetHints":{"allow":["GET"]}}],"collection":[{"href":"https:\/\/blogs.correio24horas.com.br\/mesalte\/wp-json\/wp\/v2\/posts"}],"about":[{"href":"https:\/\/blogs.correio24horas.com.br\/mesalte\/wp-json\/wp\/v2\/types\/post"}],"author":[{"embeddable":true,"href":"https:\/\/blogs.correio24horas.com.br\/mesalte\/wp-json\/wp\/v2\/users\/1"}],"replies":[{"embeddable":true,"href":"https:\/\/blogs.correio24horas.com.br\/mesalte\/wp-json\/wp\/v2\/comments?post=20538"}],"version-history":[{"count":1,"href":"https:\/\/blogs.correio24horas.com.br\/mesalte\/wp-json\/wp\/v2\/posts\/20538\/revisions"}],"predecessor-version":[{"id":20540,"href":"https:\/\/blogs.correio24horas.com.br\/mesalte\/wp-json\/wp\/v2\/posts\/20538\/revisions\/20540"}],"wp:featuredmedia":[{"embeddable":true,"href":"https:\/\/blogs.correio24horas.com.br\/mesalte\/wp-json\/wp\/v2\/media\/20539"}],"wp:attachment":[{"href":"https:\/\/blogs.correio24horas.com.br\/mesalte\/wp-json\/wp\/v2\/media?parent=20538"}],"wp:term":[{"taxonomy":"category","embeddable":true,"href":"https:\/\/blogs.correio24horas.com.br\/mesalte\/wp-json\/wp\/v2\/categories?post=20538"},{"taxonomy":"post_tag","embeddable":true,"href":"https:\/\/blogs.correio24horas.com.br\/mesalte\/wp-json\/wp\/v2\/tags?post=20538"}],"curies":[{"name":"wp","href":"https:\/\/api.w.org\/{rel}","templated":true}]}}