{"id":20305,"date":"2019-10-24T19:48:09","date_gmt":"2019-10-24T22:48:09","guid":{"rendered":"https:\/\/blogs.correio24horas.com.br\/mesalte\/?p=20305"},"modified":"2019-10-24T19:48:11","modified_gmt":"2019-10-24T22:48:11","slug":"salvador-tera-aulao-do-enem-para-lgbts","status":"publish","type":"post","link":"https:\/\/blogs.correio24horas.com.br\/mesalte\/salvador-tera-aulao-do-enem-para-lgbts\/","title":{"rendered":"Salvador ter\u00e1 aul\u00e3o do Enem para LGBTs"},"content":{"rendered":"\n<p>O Exame Nacional do Ensino M\u00e9dio (Enem) acontecer\u00e1 em novembro. Neste domingo (27), a partir das 13h, acontecer\u00e1 no audit\u00f3rio dos Comerci\u00e1rios o Primeiro Aul\u00e3o do Enem voltado para pessoas LGBTs.  <\/p>\n\n\n\n<p>A a\u00e7\u00e3o \u00e9 um iniciativa da Uni\u00e3o Nacional LGBT \u2013 Ba e conta com apoio do Sindcom. A iniciativa visa atender em m\u00e9dia 50 pessoas LGBTs que participar\u00e3o do Enem nos pr\u00f3ximos dias 3 e 10 de novembro.<br><\/p>\n\n\n\n<p>Entre os docentes confirmados est\u00e1 o professor Jorge Portugal que foi Secret\u00e1rio de Cultura da Bahia, apresentador do programa Aprovado e dar\u00e1 aula de portugu\u00eas e reda\u00e7\u00e3o. Haver\u00e1 tamb\u00e9m aula de matem\u00e1tica, qu\u00edmica, f\u00edsica, biologia, geografia, hist\u00f3ria e atualidades.<\/p>\n\n\n\n<p> Para On\u00e3 Rud\u00e1, diretor da Uni\u00e3o Nacional LGBT da Bahia  e respons\u00e1vel pelo aul\u00e3o , o atividade \u00e9 uma iniciativa que visa ajudar as pessoas da comunidade a obterem melhores notas no exame possibilitando a conquista da t\u00e3o sonhada vaga na universidade.<\/p>\n\n\n\n<p>Quem quiser se inscrever \u00e9 s\u00f3 preencher o formul\u00e1rio online (<a href=\"https:\/\/docs.google.com\/forms\/d\/e\/1FAIpQLSfXJg1vxve7ufLKPHBw6I8m-5Isd2qJhQUvAAAmKC35DiGWjw\/viewform\">clique aqui<\/a>) ; Qualquer d\u00favida entrar em contato pelo telefone 71991600139.<\/p>\n","protected":false},"excerpt":{"rendered":"<p>O Exame Nacional do Ensino M\u00e9dio (Enem) acontecer\u00e1 em novembro. Neste domingo (27), a partir das 13h, acontecer\u00e1 no audit\u00f3rio dos Comerci\u00e1rios o Primeiro Aul\u00e3o do [&hellip;]<\/p>\n","protected":false},"author":1,"featured_media":0,"comment_status":"open","ping_status":"open","sticky":false,"template":"","format":"standard","meta":{"footnotes":""},"categories":[80,9],"tags":[],"class_list":["post-20305","post","type-post","status-publish","format-standard","hentry","category-home","category-me-orgulho"],"_links":{"self":[{"href":"https:\/\/blogs.correio24horas.com.br\/mesalte\/wp-json\/wp\/v2\/posts\/20305","targetHints":{"allow":["GET"]}}],"collection":[{"href":"https:\/\/blogs.correio24horas.com.br\/mesalte\/wp-json\/wp\/v2\/posts"}],"about":[{"href":"https:\/\/blogs.correio24horas.com.br\/mesalte\/wp-json\/wp\/v2\/types\/post"}],"author":[{"embeddable":true,"href":"https:\/\/blogs.correio24horas.com.br\/mesalte\/wp-json\/wp\/v2\/users\/1"}],"replies":[{"embeddable":true,"href":"https:\/\/blogs.correio24horas.com.br\/mesalte\/wp-json\/wp\/v2\/comments?post=20305"}],"version-history":[{"count":1,"href":"https:\/\/blogs.correio24horas.com.br\/mesalte\/wp-json\/wp\/v2\/posts\/20305\/revisions"}],"predecessor-version":[{"id":20306,"href":"https:\/\/blogs.correio24horas.com.br\/mesalte\/wp-json\/wp\/v2\/posts\/20305\/revisions\/20306"}],"wp:attachment":[{"href":"https:\/\/blogs.correio24horas.com.br\/mesalte\/wp-json\/wp\/v2\/media?parent=20305"}],"wp:term":[{"taxonomy":"category","embeddable":true,"href":"https:\/\/blogs.correio24horas.com.br\/mesalte\/wp-json\/wp\/v2\/categories?post=20305"},{"taxonomy":"post_tag","embeddable":true,"href":"https:\/\/blogs.correio24horas.com.br\/mesalte\/wp-json\/wp\/v2\/tags?post=20305"}],"curies":[{"name":"wp","href":"https:\/\/api.w.org\/{rel}","templated":true}]}}