{"id":20284,"date":"2019-10-18T10:51:13","date_gmt":"2019-10-18T13:51:13","guid":{"rendered":"https:\/\/blogs.correio24horas.com.br\/mesalte\/?p=20284"},"modified":"2019-10-18T10:56:46","modified_gmt":"2019-10-18T13:56:46","slug":"gratuito-aila-menezes-leva-seu-show-empoderado-e-cheio-de-militancia-ao-pelourinho","status":"publish","type":"post","link":"https:\/\/blogs.correio24horas.com.br\/mesalte\/gratuito-aila-menezes-leva-seu-show-empoderado-e-cheio-de-militancia-ao-pelourinho\/","title":{"rendered":"Gratuito: Aila Menezes leva seu show empoderado e cheio de milit\u00e2ncia ao Pelourinho"},"content":{"rendered":"\n<p>A cantora baiana Aila Menezes far\u00e1 mais uma edi\u00e7\u00e3o do seu Baile de Todas as Cores, no Largo Quincas Berro D\u2019\u00c1gua (Pelourinho), neste s\u00e1bado (19\/10). A entrada \u00e9 gratuita.<\/p>\n\n\n\n<p>O evento tem como objetivo refor\u00e7ar a import\u00e2ncia da diversidade, levantando \u00e0s bandeiras do combate \u00e0 homofobia e outras formas de opress\u00e3o que a comunidade LGBTQIA+ enfrenta diariamente. No repert\u00f3rio, a ex-The Voice ir\u00e1 apresentar can\u00e7\u00f5es autorais como Dona da Felicidade e Alma Feminina, al\u00e9m de m\u00fasicas que abordam a milit\u00e2ncia e sensibilidade sobre o tema.<\/p>\n\n\n\n<div class=\"wp-block-image\"><figure class=\"aligncenter\"><img loading=\"lazy\" decoding=\"async\" width=\"750\" height=\"750\" src=\"https:\/\/blogs.correio24h.com.br\/mesalte\/wp-content\/uploads\/2019\/10\/69430735_783334272118044_9207136987469673173_n.jpg\" alt=\"\" class=\"wp-image-20290\" srcset=\"https:\/\/blogs.correio24h.com.br\/mesalte\/wp-content\/uploads\/2019\/10\/69430735_783334272118044_9207136987469673173_n.jpg 750w, https:\/\/blogs.correio24h.com.br\/mesalte\/wp-content\/uploads\/2019\/10\/69430735_783334272118044_9207136987469673173_n-150x150.jpg 150w, https:\/\/blogs.correio24h.com.br\/mesalte\/wp-content\/uploads\/2019\/10\/69430735_783334272118044_9207136987469673173_n-300x300.jpg 300w, https:\/\/blogs.correio24h.com.br\/mesalte\/wp-content\/uploads\/2019\/10\/69430735_783334272118044_9207136987469673173_n-146x146.jpg 146w, https:\/\/blogs.correio24h.com.br\/mesalte\/wp-content\/uploads\/2019\/10\/69430735_783334272118044_9207136987469673173_n-50x50.jpg 50w, https:\/\/blogs.correio24h.com.br\/mesalte\/wp-content\/uploads\/2019\/10\/69430735_783334272118044_9207136987469673173_n-80x80.jpg 80w, https:\/\/blogs.correio24h.com.br\/mesalte\/wp-content\/uploads\/2019\/10\/69430735_783334272118044_9207136987469673173_n-75x75.jpg 75w, https:\/\/blogs.correio24h.com.br\/mesalte\/wp-content\/uploads\/2019\/10\/69430735_783334272118044_9207136987469673173_n-85x85.jpg 85w\" sizes=\"auto, (max-width: 750px) 100vw, 750px\" \/><\/figure><\/div>\n\n\n\n<p>Entre as novidades desta edi\u00e7\u00e3o est\u00e1 a abertura do evento, que fica por conta da irm\u00e3 de Aila e tamb\u00e9m cantora, a DJ Maira Menezes. Tamb\u00e9m vai ter coreografia nova. O professor e core\u00f3grafo Elivan Nascimento est\u00e1 montando e dirigindo as dan\u00e7as desse show. <\/p>\n\n\n\n<div class=\"wp-block-image\"><figure class=\"aligncenter\"><img loading=\"lazy\" decoding=\"async\" width=\"640\" height=\"800\" src=\"https:\/\/blogs.correio24h.com.br\/mesalte\/wp-content\/uploads\/2019\/10\/72647855_442891653031228_2070502396977041302_n.jpg\" alt=\"\" class=\"wp-image-20285\" srcset=\"https:\/\/blogs.correio24h.com.br\/mesalte\/wp-content\/uploads\/2019\/10\/72647855_442891653031228_2070502396977041302_n.jpg 640w, https:\/\/blogs.correio24h.com.br\/mesalte\/wp-content\/uploads\/2019\/10\/72647855_442891653031228_2070502396977041302_n-240x300.jpg 240w, https:\/\/blogs.correio24h.com.br\/mesalte\/wp-content\/uploads\/2019\/10\/72647855_442891653031228_2070502396977041302_n-117x146.jpg 117w, https:\/\/blogs.correio24h.com.br\/mesalte\/wp-content\/uploads\/2019\/10\/72647855_442891653031228_2070502396977041302_n-40x50.jpg 40w, https:\/\/blogs.correio24h.com.br\/mesalte\/wp-content\/uploads\/2019\/10\/72647855_442891653031228_2070502396977041302_n-60x75.jpg 60w\" sizes=\"auto, (max-width: 640px) 100vw, 640px\" \/><figcaption>(Foto: Reprodu\u00e7\u00e3o\/Instagram)<\/figcaption><\/figure><\/div>\n\n\n\n<p> <strong>Servi\u00e7o<\/strong><br><strong>O qu\u00ea: <\/strong>Baile de Todas as Cores, com Aila Menezes<br><strong>Quando:<\/strong> S\u00e1bado (19\/10), \u00e0s 19h<br><strong>Onde:<\/strong> Largo Quincas Berro D\u2019\u00c1gua (Pelourinho) <br><strong>Quanto: <\/strong>Gr\u00e1tis <\/p>\n","protected":false},"excerpt":{"rendered":"<p>A cantora baiana Aila Menezes far\u00e1 mais uma edi\u00e7\u00e3o do seu Baile de Todas as Cores, no Largo Quincas Berro D\u2019\u00c1gua (Pelourinho), neste s\u00e1bado (19\/10). A [&hellip;]<\/p>\n","protected":false},"author":3,"featured_media":20287,"comment_status":"open","ping_status":"open","sticky":false,"template":"","format":"image","meta":{"footnotes":""},"categories":[80],"tags":[],"class_list":["post-20284","post","type-post","status-publish","format-image","has-post-thumbnail","hentry","category-home","post_format-post-format-image"],"_links":{"self":[{"href":"https:\/\/blogs.correio24horas.com.br\/mesalte\/wp-json\/wp\/v2\/posts\/20284","targetHints":{"allow":["GET"]}}],"collection":[{"href":"https:\/\/blogs.correio24horas.com.br\/mesalte\/wp-json\/wp\/v2\/posts"}],"about":[{"href":"https:\/\/blogs.correio24horas.com.br\/mesalte\/wp-json\/wp\/v2\/types\/post"}],"author":[{"embeddable":true,"href":"https:\/\/blogs.correio24horas.com.br\/mesalte\/wp-json\/wp\/v2\/users\/3"}],"replies":[{"embeddable":true,"href":"https:\/\/blogs.correio24horas.com.br\/mesalte\/wp-json\/wp\/v2\/comments?post=20284"}],"version-history":[{"count":4,"href":"https:\/\/blogs.correio24horas.com.br\/mesalte\/wp-json\/wp\/v2\/posts\/20284\/revisions"}],"predecessor-version":[{"id":20292,"href":"https:\/\/blogs.correio24horas.com.br\/mesalte\/wp-json\/wp\/v2\/posts\/20284\/revisions\/20292"}],"wp:featuredmedia":[{"embeddable":true,"href":"https:\/\/blogs.correio24horas.com.br\/mesalte\/wp-json\/wp\/v2\/media\/20287"}],"wp:attachment":[{"href":"https:\/\/blogs.correio24horas.com.br\/mesalte\/wp-json\/wp\/v2\/media?parent=20284"}],"wp:term":[{"taxonomy":"category","embeddable":true,"href":"https:\/\/blogs.correio24horas.com.br\/mesalte\/wp-json\/wp\/v2\/categories?post=20284"},{"taxonomy":"post_tag","embeddable":true,"href":"https:\/\/blogs.correio24horas.com.br\/mesalte\/wp-json\/wp\/v2\/tags?post=20284"}],"curies":[{"name":"wp","href":"https:\/\/api.w.org\/{rel}","templated":true}]}}