{"id":20161,"date":"2019-09-23T14:02:04","date_gmt":"2019-09-23T17:02:04","guid":{"rendered":"https:\/\/blogs.correio24horas.com.br\/mesalte\/?p=20161"},"modified":"2019-09-23T14:32:17","modified_gmt":"2019-09-23T17:32:17","slug":"artigo-precisamos-falar-sobre-a-bissexualidade","status":"publish","type":"post","link":"https:\/\/blogs.correio24horas.com.br\/mesalte\/artigo-precisamos-falar-sobre-a-bissexualidade\/","title":{"rendered":"[Artigo]: Precisamos falar sobre a bissexualidade"},"content":{"rendered":"\n<p>Por Mirian Hapuque e Adeloy\u00e1&nbsp;Magnoni<\/p>\n\n\n\n<p><\/p>\n\n\n\n<p>O equin\u00f3cio de primavera no hemisf\u00e9rio sul e de outono no hemisf\u00e9rio norte acontecem na mesma data que marcam as celebra\u00e7\u00f5es do orgulho bissexual. A invisibiliza\u00e7\u00e3o dessa orienta\u00e7\u00e3o \u00e9 tamanha que pouqu\u00edssima gente sabe, inclusive os pr\u00f3prios bissexuais que o 23 de setembro foi escolhido por marcar a data da morte do psicanalista austr\u00edaco Sigmund Freud, pai da psican\u00e1lise, pois foi o primeiro a reconhecer a bissexualidade. A data foi institu\u00edda no ano de 1999, na 22\u00b0 confer\u00eancia mundial da ILGA (Internacional Lesbian e and Gay Association) e seus criadores s\u00e3o os ativistas bissexuais Wendy Curry, Michael Page, Gigi Rave Wilbur. Esse marco busca dar reconhecimento, naturaliza\u00e7\u00e3o, visibilidade e celebra\u00e7\u00e3o da comunidade bissexual.  <\/p>\n\n\n\n<p>O apagamento da bissexualidade parte da falsa premissa de que essa orienta\u00e7\u00e3o n\u00e3o merece igual inclus\u00e3o \u00e0s dissid\u00eancias sexuais e de g\u00eanero por haver uma acusa\u00e7\u00e3o de passibilidade h\u00e9tero, de que se \u201cescolhe\u201d esse lugar para evitar o confronto com os homof\u00f3bicos, ao passo que para os heteronormativos a bissexualidade \u00e9 igualmente inaceit\u00e1vel, j\u00e1 que a sociedade \u00e9 monossexual &#8211; s\u00f3 admite atra\u00e7\u00e3o por um \u00fanico g\u00eanero. Essa orienta\u00e7\u00e3o se apresenta como uma dissid\u00eancia sexual, ou seja, pessoas Bi s\u00e3o monodissentes.   <\/p>\n\n\n\n<p>A forma monossexual a que somos compulsoriamente orientados a viver a sexualidade e os afetos fazem com que a bissexualidade seja tratada e vista como pervers\u00e3o e promiscuidade e n\u00e3o seja considerada de fato uma orienta\u00e7\u00e3o sexual completa e integral, sendo os sujeitos bissexuais sempre tratados como meio-l\u00e9sbicas ou meio-gays que tem medo de assumirem sua homossexualidade, ou como sujeitos indecisos e em processo de descobertas e experimenta\u00e7\u00f5es. Existem escolas das \u00e1reas da psiquiatria e dos estudos de g\u00eanero e sexualidade que defendem a tese de que todos carregam a predisposi\u00e7\u00e3o \u00e0 bissexualidade. Sigmund Freud j\u00e1 defendia isso seu trabalho capital sobre sexualidade humana em 1905.  <\/p>\n\n\n\n<p>Outro ponto a ressaltar \u00e9 a hiperssexualiza\u00e7\u00e3o de pessoas Bi, principalmente negras, pois nem todo bissexual sente vontade de fazer um m\u00e9nage \u00e0 trois, assim como nem todo Bi \u00e9 adepto da poligamia, muitos s\u00e3o monog\u00e2micos e fi\u00e9is em seus relacionamentos e n\u00e3o h\u00e1 nenhum dado conclusivo de estudo e pesquisa que comprovem que a comunidade bissexual \u00e9 a principal disseminadora de DST\u00b4s como dizem.  Fora que n\u00e3o conseguem conceber homens afeminados atra\u00eddos por mulheres e mulheres &#8220;testoster\u00f4nicas&#8221; atra\u00eddas por homens, mostrando um total engessamento dos estere\u00f3tipos bin\u00e1rios de g\u00eanero ao lhes supor uma monossexualidade. <\/p>\n\n\n\n<p>Os mitos e os preconceitos at\u00e9 aqui levantados e que circulam no imagin\u00e1rio coletivo ajudam a construir uma falsa representa\u00e7\u00e3o da bissexualidade, contribuindo para o preterimento dos bissexuais nas rela\u00e7\u00f5es afetivas. At\u00e9 o signo utilizado para representar os bissexuais s\u00e3o os unic\u00f3rnios, seres m\u00edticos e n\u00e3o reais, deixando \u00f3bvia a nega\u00e7\u00e3o dessa viv\u00eancia, mas que fique claro: bissexuais existem \u00e0 revelia das fal\u00e1cias e dos mitos. <\/p>\n\n\n\n<p>Pesquisas recentes da Escola de Higiene e Medicina Tropical de Londres publicadas na revista cient\u00edfica \u201c Journal of Public Health\u201d verificam que mulheres bissexuais s\u00e3o mais marginalizadas. De acordo com as pesquisas, as bissexuais t\u00eam 64% mais chance de desenvolverem dist\u00farbios alimentares, 37% tem mais chance de praticarem automutila\u00e7\u00e3o e 26% mais chance de desenvolverem depress\u00e3o dos que l\u00e9sbicas, pois estar no arm\u00e1rio contribu\u00ed para o adoecimento ps\u00edquico e mental.  <\/p>\n\n\n\n<p>Muitos mitos foram constru\u00eddos e contribuem para o alicer\u00e7amento de preconceitos, discrimina\u00e7\u00e3o e n\u00e3o aceita\u00e7\u00e3o tanto na comunidade LGTQI+ quanto na sociedade como um todo.  Algumas pesquisas realizadas nos Estados Unidos mostram que pessoas bissexuais est\u00e3o muito propensas a desenvolver depress\u00e3o, ansiedade e consequentemente cometerem suic\u00eddio, ficando atr\u00e1s apenas da comunidade trans. O que nos faz lembrar tamb\u00e9m do Setembro Amarelo que vem se firmando para alertar sobre os altos \u00edndices de suic\u00eddio, principalmente dentro da comunidade LGTQI+.   <\/p>\n\n\n\n<p>E como prova disso, Mirian Hapuque, que come\u00e7ou a escrever esse artigo n\u00e3o conseguiu conclu\u00ed-lo justamente porque est\u00e1 chorando o \u201csuicidamento\u201d de um jovem amigo de 24 anos, gay, que acabou de se formar em medicina e n\u00e3o suportou mais a rejei\u00e7\u00e3o familiar \u00e0 sua orienta\u00e7\u00e3o sexual e \u00e0s v\u00e9speras da Parada LGBTQI+ de Salvador deu fim ao seu sofrimento levando junto sua vida. No Setembro Amarelo, no Outubro Rosa, no Novembro Azul e em todos os outros meses, que possamos amar mais, respeitar mais e sermos mais emp\u00e1ticos, pois vidas s\u00e3o sagradas e est\u00e3o se perdendo por ignor\u00e2ncia e preconceito.  Quantos m\u00e9dicos, quantas engenheiras, quantas cientistas mais perderemos para a LGBTQIfobia?  <\/p>\n\n\n\n<figure class=\"wp-block-image\"><img loading=\"lazy\" decoding=\"async\" width=\"960\" height=\"960\" src=\"https:\/\/blogs.correio24h.com.br\/mesalte\/wp-content\/uploads\/2019\/09\/monica-2.jpg\" alt=\"\" class=\"wp-image-20166\" srcset=\"https:\/\/blogs.correio24h.com.br\/mesalte\/wp-content\/uploads\/2019\/09\/monica-2.jpg 960w, https:\/\/blogs.correio24h.com.br\/mesalte\/wp-content\/uploads\/2019\/09\/monica-2-150x150.jpg 150w, https:\/\/blogs.correio24h.com.br\/mesalte\/wp-content\/uploads\/2019\/09\/monica-2-300x300.jpg 300w, https:\/\/blogs.correio24h.com.br\/mesalte\/wp-content\/uploads\/2019\/09\/monica-2-768x768.jpg 768w, https:\/\/blogs.correio24h.com.br\/mesalte\/wp-content\/uploads\/2019\/09\/monica-2-146x146.jpg 146w, https:\/\/blogs.correio24h.com.br\/mesalte\/wp-content\/uploads\/2019\/09\/monica-2-50x50.jpg 50w, https:\/\/blogs.correio24h.com.br\/mesalte\/wp-content\/uploads\/2019\/09\/monica-2-80x80.jpg 80w, https:\/\/blogs.correio24h.com.br\/mesalte\/wp-content\/uploads\/2019\/09\/monica-2-75x75.jpg 75w, https:\/\/blogs.correio24h.com.br\/mesalte\/wp-content\/uploads\/2019\/09\/monica-2-85x85.jpg 85w\" sizes=\"auto, (max-width: 960px) 100vw, 960px\" \/><figcaption>Mirian escreveu esse artigo<\/figcaption><\/figure>\n\n\n\n<figure class=\"wp-block-image\"><img loading=\"lazy\" decoding=\"async\" width=\"720\" height=\"720\" src=\"https:\/\/blogs.correio24h.com.br\/mesalte\/wp-content\/uploads\/2019\/09\/magonini.jpg\" alt=\"\" class=\"wp-image-20164\" srcset=\"https:\/\/blogs.correio24h.com.br\/mesalte\/wp-content\/uploads\/2019\/09\/magonini.jpg 720w, https:\/\/blogs.correio24h.com.br\/mesalte\/wp-content\/uploads\/2019\/09\/magonini-150x150.jpg 150w, https:\/\/blogs.correio24h.com.br\/mesalte\/wp-content\/uploads\/2019\/09\/magonini-300x300.jpg 300w, https:\/\/blogs.correio24h.com.br\/mesalte\/wp-content\/uploads\/2019\/09\/magonini-146x146.jpg 146w, https:\/\/blogs.correio24h.com.br\/mesalte\/wp-content\/uploads\/2019\/09\/magonini-50x50.jpg 50w, https:\/\/blogs.correio24h.com.br\/mesalte\/wp-content\/uploads\/2019\/09\/magonini-80x80.jpg 80w, https:\/\/blogs.correio24h.com.br\/mesalte\/wp-content\/uploads\/2019\/09\/magonini-75x75.jpg 75w, https:\/\/blogs.correio24h.com.br\/mesalte\/wp-content\/uploads\/2019\/09\/magonini-85x85.jpg 85w\" sizes=\"auto, (max-width: 720px) 100vw, 720px\" \/><figcaption>Magnoni escreveu esse artigo<\/figcaption><\/figure>\n\n\n\n<p><\/p>\n","protected":false},"excerpt":{"rendered":"<p>Por Mirian Hapuque e Adeloy\u00e1&nbsp;Magnoni O equin\u00f3cio de primavera no hemisf\u00e9rio sul e de outono no hemisf\u00e9rio norte acontecem na mesma data que marcam as celebra\u00e7\u00f5es [&hellip;]<\/p>\n","protected":false},"author":2,"featured_media":20162,"comment_status":"open","ping_status":"open","sticky":false,"template":"","format":"standard","meta":{"footnotes":""},"categories":[28,80],"tags":[],"class_list":["post-20161","post","type-post","status-publish","format-standard","has-post-thumbnail","hentry","category-farofa-digital","category-home"],"_links":{"self":[{"href":"https:\/\/blogs.correio24horas.com.br\/mesalte\/wp-json\/wp\/v2\/posts\/20161","targetHints":{"allow":["GET"]}}],"collection":[{"href":"https:\/\/blogs.correio24horas.com.br\/mesalte\/wp-json\/wp\/v2\/posts"}],"about":[{"href":"https:\/\/blogs.correio24horas.com.br\/mesalte\/wp-json\/wp\/v2\/types\/post"}],"author":[{"embeddable":true,"href":"https:\/\/blogs.correio24horas.com.br\/mesalte\/wp-json\/wp\/v2\/users\/2"}],"replies":[{"embeddable":true,"href":"https:\/\/blogs.correio24horas.com.br\/mesalte\/wp-json\/wp\/v2\/comments?post=20161"}],"version-history":[{"count":2,"href":"https:\/\/blogs.correio24horas.com.br\/mesalte\/wp-json\/wp\/v2\/posts\/20161\/revisions"}],"predecessor-version":[{"id":20168,"href":"https:\/\/blogs.correio24horas.com.br\/mesalte\/wp-json\/wp\/v2\/posts\/20161\/revisions\/20168"}],"wp:featuredmedia":[{"embeddable":true,"href":"https:\/\/blogs.correio24horas.com.br\/mesalte\/wp-json\/wp\/v2\/media\/20162"}],"wp:attachment":[{"href":"https:\/\/blogs.correio24horas.com.br\/mesalte\/wp-json\/wp\/v2\/media?parent=20161"}],"wp:term":[{"taxonomy":"category","embeddable":true,"href":"https:\/\/blogs.correio24horas.com.br\/mesalte\/wp-json\/wp\/v2\/categories?post=20161"},{"taxonomy":"post_tag","embeddable":true,"href":"https:\/\/blogs.correio24horas.com.br\/mesalte\/wp-json\/wp\/v2\/tags?post=20161"}],"curies":[{"name":"wp","href":"https:\/\/api.w.org\/{rel}","templated":true}]}}