{"id":20158,"date":"2019-09-22T13:17:39","date_gmt":"2019-09-22T16:17:39","guid":{"rendered":"https:\/\/blogs.correio24horas.com.br\/mesalte\/?p=20158"},"modified":"2019-09-22T13:17:41","modified_gmt":"2019-09-22T16:17:41","slug":"parada-lgbt-da-bahia-acontece-neste-domingo-22-no-dique-do-tororo","status":"publish","type":"post","link":"https:\/\/blogs.correio24horas.com.br\/mesalte\/parada-lgbt-da-bahia-acontece-neste-domingo-22-no-dique-do-tororo\/","title":{"rendered":"Parada LGBT da Bahia acontece neste domingo (22) no Dique do Toror\u00f3"},"content":{"rendered":"\n<p>A 18\u00aa Parada LGBTI da Bahia, que este ano acontece pela primeira vez no Dique do Toror\u00f3, no dia 22 de setembro (Domingo), \u00e0a 14h, ter\u00e1 um formato diferente dos anos anteriores: al\u00e9m do cunho pol\u00edtico e dos protestos contra o discurso de \u00f3dio que toma conta do Brasil, a festa ir\u00e1 ter minitrios e pranch\u00f5es, elementos presentes no Furdun\u00e7o, pr\u00e9via carnavalesca realizada na capital baiana.<\/p>\n\n\n\n<p>&#8220;A  Parada da Bahia acontece diante de um momento preocupante no Brasil, quando estamos sendo governados por um grupo pol\u00edtico que prega o \u00f3dio e a intoler\u00e2ncia. Ent\u00e3o precisamos, mais do que festejar, mostrar que nosso estado e nossa popula\u00e7\u00e3o LGBT est\u00e1 unida para enfrentar as diversas tentativas de retrocessos impostas&#8221;, destaca o presidente do Grupo Gay da Bahia (GGB), Marcelo Cerqueira.  <\/p>\n\n\n\n<p>Para o coordenador do evento, Weslen Moreira, a Parada LGBTI da Bahia, a terceira maior do pa\u00eds, atr\u00e1s de S\u00e3o Paulo e do Rio de Janeiro, trar\u00e1 inova\u00e7\u00e3o em seu formato para se adequar ao novo espa\u00e7o, que \u00e9 o belo cart\u00e3o postal do Dique do Toror\u00f3. &#8220;Estamos trazendo novos elementos que valorizam ainda mais a diversidade e o respeito \u00e0s diferen\u00e7as. Por conta das obras na Avenida Sete, mudamos o local e aproveitamos para trazer novidades, como os minitrios e os pranch\u00f5es, j\u00e1 que o espa\u00e7o n\u00e3o comporta trios el\u00e9tricos&#8221;, explica.  <\/p>\n\n\n\n<p>O evento, que ir\u00e1 homenagear os 40 anos do Grupo Gay da Bahia (GGB) e os 50 anos de Stonewall, ter\u00e1 o apoio e a presen\u00e7a de entidades como APLB Sindicato,  Defensoria P\u00fablica do Estado da Bahia DPE-BA, UNA, Grupo Diadorim (Uneb) e Casar\u00e3o da Diversidade, este \u00faltimo um espa\u00e7o ligado a Secretaria de Justi\u00e7a, Direitos Humanos e Desenvolvimento Social (SJDHDS) que acolhe o p\u00fablico LGBTI e promove junto ao Governo do Estado pol\u00edticas p\u00fablicas de inclus\u00e3o da comunidade. A Associa\u00e7\u00e3o das Paradas de Salvador, respons\u00e1vel pela realiza\u00e7\u00e3o de desfiles em pelo menos 30 bairros da capital, tamb\u00e9m marca presen\u00e7a. <\/p>\n\n\n\n<p>&#8220;S\u00e3o entidades e institui\u00e7\u00f5es comprometidas com a manuten\u00e7\u00e3o da democracia e da liberdade de express\u00e3o que se unem neste cen\u00e1rio pol\u00edtico complicado do nosso pa\u00eds para enfrentar o preconceito e o discurso de \u00f3dio&#8221;, acrescenta Moreira.<\/p>\n\n\n\n<p><em>Ato Ecum\u00eanico<\/em> &#8211; Um ato ecum\u00eanico tamb\u00e9m est\u00e1 marcado para acontecer antes do desfile, quando representantes das religi\u00f5es evang\u00e9lica, cat\u00f3lica, esp\u00edrita e de matriz africana, se encontrar\u00e3o para passar uma mensagem contra a intoler\u00e2ncia religiosa e contra todo tipo de preconceito. &#8220;\u00c9 importante mostrar que a Bahia n\u00e3o d\u00e1 vez para a intoler\u00e2ncia, seja ela religiosa ou de g\u00eanero&#8221;, diz o coordenador do evento Weslen Moreira. <\/p>\n\n\n\n<p><em>Atra\u00e7\u00f5es<\/em> &#8211; Entre as atra\u00e7\u00f5es, est\u00e3o Flor Serena, Xote de Anjo, Fred Menendes, banda Marana e a cantora Claudia Costa. O grupo Diadorim, que desenvolve projetos para a comunidade LGBTI dentro da Universidade do Estado da Bahia (Uneb), tamb\u00e9m marca presen\u00e7a como vem ocorrendo em todos os anos. <\/p>\n\n\n\n<p>Al\u00e9m dos minitrios e apresenta\u00e7\u00f5es art\u00edsticas, a organiza\u00e7\u00e3o se preocupou em envolver diversos atores da cena LGBT da cidade. \u201cVamos oferecer informa\u00e7\u00e3o e servi\u00e7os para a popula\u00e7\u00e3o, ser\u00e1 um ato conjunto com os v\u00e1rios \u00f3rg\u00e3os da Prefeitura, que \u00e9 umas das patrocinadoras do evento. \u00c9 pra divertir, mobilizar e refletir\u201d pontua Weslen. <\/p>\n\n\n\n<p>O presidente do GGB, entidade que h\u00e1 18 anos consecutivos assume o protagonismo do evento em Salvador, disse que esta Parada \u00e9 diferente das anteriores pela conjuntura pol\u00edtica e convoca todos e todas a estarem presentes. <\/p>\n\n\n\n<p>&#8220;N\u00e3o s\u00f3 pelo local, mas pela conjuntura pol\u00edtica desfavor\u00e1vel \u00e0 comunidade. Precisamos que  todos convoquem suas fam\u00edlias. Mais do que uma festa, estamos organizando um ato de conscientiza\u00e7\u00e3o e, principalmente, de resist\u00eancia. Tivemos que somar esfor\u00e7o, com dificuldade de patroc\u00ednio para realizar tudo que vamos fazer&#8221;, conclui o presidente do GGB, Marcelo Cerqueira. <\/p>\n\n\n\n<p><em>Stonewall<\/em> &#8211; A Rebeli\u00e3o de Stonewall foi uma s\u00e9rie de manifesta\u00e7\u00f5es espont\u00e2neas da comunidade LGBT contra uma invas\u00e3o da pol\u00edcia de Nova York que aconteceu nas primeiras horas da manh\u00e3 de 28 de junho de 1969, no bar Stonewall Inn, localizado no bairro de Greenwich Village, em Manhattan, em Nova York, nos Estados Unidos. Os protestos s\u00e3o considerados um dos eventos mais importantes contra o preconceito e a LGBTfobia.<\/p>\n\n\n\n<p><\/p>\n\n\n\n<p><\/p>\n\n\n\n<p><\/p>\n\n\n\n<p><\/p>\n\n\n\n<p><\/p>\n\n\n\n<p><\/p>\n\n\n\n<p><\/p>\n\n\n\n<p><\/p>\n\n\n\n<p><\/p>\n\n\n\n<p><\/p>\n\n\n\n<p><\/p>\n\n\n\n<p><\/p>\n","protected":false},"excerpt":{"rendered":"<p>A 18\u00aa Parada LGBTI da Bahia, que este ano acontece pela primeira vez no Dique do Toror\u00f3, no dia 22 de setembro (Domingo), \u00e0a 14h, ter\u00e1 [&hellip;]<\/p>\n","protected":false},"author":1,"featured_media":0,"comment_status":"open","ping_status":"open","sticky":false,"template":"","format":"standard","meta":{"footnotes":""},"categories":[80],"tags":[],"class_list":["post-20158","post","type-post","status-publish","format-standard","hentry","category-home"],"_links":{"self":[{"href":"https:\/\/blogs.correio24horas.com.br\/mesalte\/wp-json\/wp\/v2\/posts\/20158","targetHints":{"allow":["GET"]}}],"collection":[{"href":"https:\/\/blogs.correio24horas.com.br\/mesalte\/wp-json\/wp\/v2\/posts"}],"about":[{"href":"https:\/\/blogs.correio24horas.com.br\/mesalte\/wp-json\/wp\/v2\/types\/post"}],"author":[{"embeddable":true,"href":"https:\/\/blogs.correio24horas.com.br\/mesalte\/wp-json\/wp\/v2\/users\/1"}],"replies":[{"embeddable":true,"href":"https:\/\/blogs.correio24horas.com.br\/mesalte\/wp-json\/wp\/v2\/comments?post=20158"}],"version-history":[{"count":1,"href":"https:\/\/blogs.correio24horas.com.br\/mesalte\/wp-json\/wp\/v2\/posts\/20158\/revisions"}],"predecessor-version":[{"id":20159,"href":"https:\/\/blogs.correio24horas.com.br\/mesalte\/wp-json\/wp\/v2\/posts\/20158\/revisions\/20159"}],"wp:attachment":[{"href":"https:\/\/blogs.correio24horas.com.br\/mesalte\/wp-json\/wp\/v2\/media?parent=20158"}],"wp:term":[{"taxonomy":"category","embeddable":true,"href":"https:\/\/blogs.correio24horas.com.br\/mesalte\/wp-json\/wp\/v2\/categories?post=20158"},{"taxonomy":"post_tag","embeddable":true,"href":"https:\/\/blogs.correio24horas.com.br\/mesalte\/wp-json\/wp\/v2\/tags?post=20158"}],"curies":[{"name":"wp","href":"https:\/\/api.w.org\/{rel}","templated":true}]}}