{"id":20153,"date":"2019-09-19T19:34:59","date_gmt":"2019-09-19T22:34:59","guid":{"rendered":"https:\/\/blogs.correio24horas.com.br\/mesalte\/?p=20153"},"modified":"2019-09-19T19:39:22","modified_gmt":"2019-09-19T22:39:22","slug":"documentario-clandestinas-oficina-de-teatro-feminista-popular-sera-lancado-em-salvador","status":"publish","type":"post","link":"https:\/\/blogs.correio24horas.com.br\/mesalte\/documentario-clandestinas-oficina-de-teatro-feminista-popular-sera-lancado-em-salvador\/","title":{"rendered":"Document\u00e1rio &#8220;Clandestinas &#8211; Oficina de Teatro Feminista Popular&#8221; ser\u00e1 lan\u00e7ado em Salvador"},"content":{"rendered":"\n<p>Ser\u00e1 lan\u00e7ado nesta sexta-feira (20) o document\u00e1rio &#8220;Clandestinas &#8211; Oficina de Teatro Feminista Popular&#8221;. O lan\u00e7amento acontecer\u00e1, \u00e0s 19h,  na Casa Preta no bairro do Dois de Julho em Salvador.  <\/p>\n\n\n\n<p>Gravado durante uma imers\u00e3o em teatro feminista popular, que aconteceu no Espa\u00e7o no Coaty &#8211; Salvador, em 2015, o document\u00e1rio de \u00cdris de Oliveira faz um passeio pelo fazer c\u00eanico feminista de mulheres artistas, inspirado nas pr\u00e1ticas populares de teatro.<\/p>\n\n\n\n<p>Depois da exibi\u00e7\u00e3o do document\u00e1rio acontecer\u00e1 um bate-papo com o tema &#8220;Arte, feminismo e conjuntura&#8221; e tamb\u00e9m roda de samba de coco. A entrada \u00e9 gratuita. <\/p>\n\n\n\n<p>SERVI\u00c7O<\/p>\n\n\n\n<p>O qu\u00ea: Lan\u00e7amento do doc. &#8220;Somos Todas Clandestinas &#8211; Oficina de Teatro Feminista Popular&#8221; <br> Quando: 20.09, sexta<br> Hor\u00e1rio: 19h<br> Local: Casa Preta <br> Rua Areial de Cima, 40, Dois de Julho<\/p>\n\n\n\n<p>siga: @clandestinasespetaculo<\/p>\n\n\n\n<p>Cr\u00e9dito da Foto: Flora Rodriguez\/Divulga\u00e7\u00e3o<\/p>\n","protected":false},"excerpt":{"rendered":"<p>Ser\u00e1 lan\u00e7ado nesta sexta-feira (20) o document\u00e1rio &#8220;Clandestinas &#8211; Oficina de Teatro Feminista Popular&#8221;. O lan\u00e7amento acontecer\u00e1, \u00e0s 19h, na Casa Preta no bairro do Dois [&hellip;]<\/p>\n","protected":false},"author":1,"featured_media":20154,"comment_status":"open","ping_status":"open","sticky":false,"template":"","format":"standard","meta":{"footnotes":""},"categories":[28,80],"tags":[],"class_list":["post-20153","post","type-post","status-publish","format-standard","has-post-thumbnail","hentry","category-farofa-digital","category-home"],"_links":{"self":[{"href":"https:\/\/blogs.correio24horas.com.br\/mesalte\/wp-json\/wp\/v2\/posts\/20153","targetHints":{"allow":["GET"]}}],"collection":[{"href":"https:\/\/blogs.correio24horas.com.br\/mesalte\/wp-json\/wp\/v2\/posts"}],"about":[{"href":"https:\/\/blogs.correio24horas.com.br\/mesalte\/wp-json\/wp\/v2\/types\/post"}],"author":[{"embeddable":true,"href":"https:\/\/blogs.correio24horas.com.br\/mesalte\/wp-json\/wp\/v2\/users\/1"}],"replies":[{"embeddable":true,"href":"https:\/\/blogs.correio24horas.com.br\/mesalte\/wp-json\/wp\/v2\/comments?post=20153"}],"version-history":[{"count":3,"href":"https:\/\/blogs.correio24horas.com.br\/mesalte\/wp-json\/wp\/v2\/posts\/20153\/revisions"}],"predecessor-version":[{"id":20157,"href":"https:\/\/blogs.correio24horas.com.br\/mesalte\/wp-json\/wp\/v2\/posts\/20153\/revisions\/20157"}],"wp:featuredmedia":[{"embeddable":true,"href":"https:\/\/blogs.correio24horas.com.br\/mesalte\/wp-json\/wp\/v2\/media\/20154"}],"wp:attachment":[{"href":"https:\/\/blogs.correio24horas.com.br\/mesalte\/wp-json\/wp\/v2\/media?parent=20153"}],"wp:term":[{"taxonomy":"category","embeddable":true,"href":"https:\/\/blogs.correio24horas.com.br\/mesalte\/wp-json\/wp\/v2\/categories?post=20153"},{"taxonomy":"post_tag","embeddable":true,"href":"https:\/\/blogs.correio24horas.com.br\/mesalte\/wp-json\/wp\/v2\/tags?post=20153"}],"curies":[{"name":"wp","href":"https:\/\/api.w.org\/{rel}","templated":true}]}}