{"id":20148,"date":"2019-09-18T14:45:22","date_gmt":"2019-09-18T17:45:22","guid":{"rendered":"https:\/\/blogs.correio24horas.com.br\/mesalte\/?p=20148"},"modified":"2019-09-18T14:45:25","modified_gmt":"2019-09-18T17:45:25","slug":"bissexuais-promovem-a-primavera-bi-em-salvador-em-mes-pela-visibilidade-do-grupo","status":"publish","type":"post","link":"https:\/\/blogs.correio24horas.com.br\/mesalte\/bissexuais-promovem-a-primavera-bi-em-salvador-em-mes-pela-visibilidade-do-grupo\/","title":{"rendered":"Bissexuais promovem a Primavera Bi em Salvador em m\u00eas pela visibilidade do grupo"},"content":{"rendered":"\n<p><\/p>\n\n\n\n<p>O m\u00eas que marca o in\u00edcio da primavera tamb\u00e9m \u00e9 o m\u00eas da visibilidade bissexual, celebrado no dia 23 de setembro. Com intuito de dar visibilidade e demarcar que o B n\u00e3o \u00e9 de &#8216;bolacha e nem de biscoito&#8217;,  um grupo formado por bissexuais estar\u00e3o promovendo atrav\u00e9s da constru\u00e7\u00e3o coletiva uma programa\u00e7\u00e3o de atividades para o dia 23, segunda-feira pr\u00f3xima, que inclui a roda de conversa \u201cDesmistificando a bissexualidade\u201d com modera\u00e7\u00e3o de Mirian Hapuque, o sarau \u201cDextruindo a BIfobia\u201d e o \u201cPiquenique d@s BI\u201d. <\/p>\n\n\n\n<p>O intuito principal do grupo \u00e9 dar visibilidade, promover e fortalecer os debates em torno da bissexualidade, desmistificando tabus em torno dessa orienta\u00e7\u00e3o sexual que \u00e9 continuamente marginalizada, por isso a import\u00e2ncia de desconstruir e debater a bifobia, al\u00e9m de fazer com que o dia do Orgulho Bissexual seja tamb\u00e9m um dia de celebra\u00e7\u00e3o e confraterniza\u00e7\u00e3o entre bissexuais, curios@s e a comunidade LGBTQI+. &nbsp;<\/p>\n\n\n\n<p>Esse tamb\u00e9m \u00e9 conhecido como o Setembro Amarelo que alerta sobre os riscos do suic\u00eddio, que ressalta a necessidade de se falar sobre a sa\u00fade emocional de pessoas bissexuais, pois sofrem o impacto da bifobia dentro e fora do movimento. <\/p>\n\n\n\n<p>As atividades est\u00e3o propostas para acontecer de modo totalmente gratuito e aberto na Pra\u00e7a das Artes na UFBA \u2013 Universidade Federal da Bahia Campus Ondina, com in\u00edcio \u00e1s 16:30 horas do dia 23 de setembro de 2019.<\/p>\n","protected":false},"excerpt":{"rendered":"<p>O m\u00eas que marca o in\u00edcio da primavera tamb\u00e9m \u00e9 o m\u00eas da visibilidade bissexual, celebrado no dia 23 de setembro. Com intuito de dar visibilidade [&hellip;]<\/p>\n","protected":false},"author":1,"featured_media":0,"comment_status":"open","ping_status":"open","sticky":false,"template":"","format":"standard","meta":{"footnotes":""},"categories":[80],"tags":[],"class_list":["post-20148","post","type-post","status-publish","format-standard","hentry","category-home"],"_links":{"self":[{"href":"https:\/\/blogs.correio24horas.com.br\/mesalte\/wp-json\/wp\/v2\/posts\/20148","targetHints":{"allow":["GET"]}}],"collection":[{"href":"https:\/\/blogs.correio24horas.com.br\/mesalte\/wp-json\/wp\/v2\/posts"}],"about":[{"href":"https:\/\/blogs.correio24horas.com.br\/mesalte\/wp-json\/wp\/v2\/types\/post"}],"author":[{"embeddable":true,"href":"https:\/\/blogs.correio24horas.com.br\/mesalte\/wp-json\/wp\/v2\/users\/1"}],"replies":[{"embeddable":true,"href":"https:\/\/blogs.correio24horas.com.br\/mesalte\/wp-json\/wp\/v2\/comments?post=20148"}],"version-history":[{"count":1,"href":"https:\/\/blogs.correio24horas.com.br\/mesalte\/wp-json\/wp\/v2\/posts\/20148\/revisions"}],"predecessor-version":[{"id":20149,"href":"https:\/\/blogs.correio24horas.com.br\/mesalte\/wp-json\/wp\/v2\/posts\/20148\/revisions\/20149"}],"wp:attachment":[{"href":"https:\/\/blogs.correio24horas.com.br\/mesalte\/wp-json\/wp\/v2\/media?parent=20148"}],"wp:term":[{"taxonomy":"category","embeddable":true,"href":"https:\/\/blogs.correio24horas.com.br\/mesalte\/wp-json\/wp\/v2\/categories?post=20148"},{"taxonomy":"post_tag","embeddable":true,"href":"https:\/\/blogs.correio24horas.com.br\/mesalte\/wp-json\/wp\/v2\/tags?post=20148"}],"curies":[{"name":"wp","href":"https:\/\/api.w.org\/{rel}","templated":true}]}}