{"id":20140,"date":"2019-09-12T09:57:25","date_gmt":"2019-09-12T12:57:25","guid":{"rendered":"https:\/\/blogs.correio24horas.com.br\/mesalte\/?p=20140"},"modified":"2019-09-12T09:59:27","modified_gmt":"2019-09-12T12:59:27","slug":"cantora-carol-baby-lanca-cancao-mandinga-e-carreira-na-bahia-ouca","status":"publish","type":"post","link":"https:\/\/blogs.correio24horas.com.br\/mesalte\/cantora-carol-baby-lanca-cancao-mandinga-e-carreira-na-bahia-ouca\/","title":{"rendered":"Cantora Carol Baby lan\u00e7a can\u00e7\u00e3o \u2018Mandinga\u2019 e carreira na Bahia ; ou\u00e7a"},"content":{"rendered":"\n<p>\n\nA cantora Carol Baby promete agitar os simpatizantes do sertanejo na capital baiana e confirma que vir\u00e1 a Salvador ainda esse semestre para lan\u00e7ar oficialmente a carreira na Bahia. Rondoniense sediada em Goi\u00e2nia, Baby lan\u00e7ou sua carreira para o Brasil em maio, com a m\u00fasica Ego, em parceria com o cantor e compositor Murilo Huff, namorado da cantora Mar\u00edlia Mendon\u00e7a.<br>Agora Carol Baby est\u00e1 focada no lan\u00e7amento do seu trabalho em cidades do Norte e Nordeste do pa\u00eds. \u201cEstamos ajustando as datas de visitas a Salvador, &nbsp;Teresina, Recife e minha terra natal Porto Velho\u201d, anunciou a artista.<\/p>\n\n\n\n<p>Nesta quinta-feira (12) a cantora lan\u00e7a oficialmente em todas plataformas digitais o single \u2018Mandinga\u2019, que integra o EP \u201cDe Primeira\u201d &nbsp;que ter\u00e1 no total tr\u00eas can\u00e7\u00f5es lan\u00e7adas at\u00e9 o final de 2019. A grava\u00e7\u00e3o ao vivo do EP foi feita em Goi\u00e2nia.<\/p>\n\n\n\n<p>Baby descreve Mandinga como \u201cenvolvente\u201d e diz que \u00e9 uma mistura do ritmo latino com o sertanejo universit\u00e1rio j\u00e1 conhecido do brasileiro. \u201cEla tem um gostinho e um ritmo caliente\u201d, diz Carol Baby.<\/p>\n\n\n\n<p>Sobre o nome do novo trabalho, a cantora adiantou que \u00e9 uma express\u00e3o que est\u00e1 na letra de Mandinga e tem muito a ver com o amadurecimento do seu trabalho em Goi\u00e2nia. \u201cA ideia do t\u00edtulo De Primeira veio desse momento que estou vivendo na minha carreira aqui em Goi\u00e2nia, al\u00e9m de descrever o que eu senti por essas tr\u00eas m\u00fasicas quando decidi gravar, me apaixonei de primeira mesmo\u201d, conta.<\/p>\n\n\n\n<p>Para quem n\u00e3o conhece, o parceiro de Baby na m\u00fasica Ego, Murilo Huff, \u00e9 um dos nomes que v\u00eam ganhando espa\u00e7o no cen\u00e1rio nacional em 2019. \u00c9 tamb\u00e9m atual namorado e pai do filho que a rainha da sofr\u00eancia Mar\u00edlia Mendon\u00e7a espera. Compositor, Huff j\u00e1 \u00e9 um velho conhecido dos sertanejos e autor de can\u00e7\u00f5es como &#8220;Transplante&#8221; e &#8220;Bem Pior Que Eu&#8221;, gravadas por Marilia; &#8220;Beba\u00e7a&#8221;, de Maiara, Maraisa e a namorada, &#8220;Mod\u00e3o Du\u00eddo&#8221;, de Michel Tel\u00f3, e &#8220;Z\u00e9 Da Reca\u00edda&#8221;, de Gusttavo Lima.<br><strong><br>Conhe\u00e7a Mandinga<\/strong><br>+ Ou\u00e7a no Spotify :&nbsp;<a href=\"https:\/\/open.spotify.com\/album\/17M6k7Z4tZNwzAYGS3egTa?si=U-SLk_tgSg2t87fMzimu7A\" target=\"_blank\" rel=\"noreferrer noopener\">https:\/\/open.spotify.com\/album\/17M6k7Z4tZNwzAYGS3egTa?si=U-SLk_tgSg2t87fMzimu7A<\/a><\/p>\n","protected":false},"excerpt":{"rendered":"<p>A cantora Carol Baby promete agitar os simpatizantes do sertanejo na capital baiana e confirma que vir\u00e1 a Salvador ainda esse semestre para lan\u00e7ar oficialmente a [&hellip;]<\/p>\n","protected":false},"author":2,"featured_media":20141,"comment_status":"open","ping_status":"open","sticky":false,"template":"","format":"standard","meta":{"footnotes":""},"categories":[28,80],"tags":[],"class_list":["post-20140","post","type-post","status-publish","format-standard","has-post-thumbnail","hentry","category-farofa-digital","category-home"],"_links":{"self":[{"href":"https:\/\/blogs.correio24horas.com.br\/mesalte\/wp-json\/wp\/v2\/posts\/20140","targetHints":{"allow":["GET"]}}],"collection":[{"href":"https:\/\/blogs.correio24horas.com.br\/mesalte\/wp-json\/wp\/v2\/posts"}],"about":[{"href":"https:\/\/blogs.correio24horas.com.br\/mesalte\/wp-json\/wp\/v2\/types\/post"}],"author":[{"embeddable":true,"href":"https:\/\/blogs.correio24horas.com.br\/mesalte\/wp-json\/wp\/v2\/users\/2"}],"replies":[{"embeddable":true,"href":"https:\/\/blogs.correio24horas.com.br\/mesalte\/wp-json\/wp\/v2\/comments?post=20140"}],"version-history":[{"count":1,"href":"https:\/\/blogs.correio24horas.com.br\/mesalte\/wp-json\/wp\/v2\/posts\/20140\/revisions"}],"predecessor-version":[{"id":20142,"href":"https:\/\/blogs.correio24horas.com.br\/mesalte\/wp-json\/wp\/v2\/posts\/20140\/revisions\/20142"}],"wp:featuredmedia":[{"embeddable":true,"href":"https:\/\/blogs.correio24horas.com.br\/mesalte\/wp-json\/wp\/v2\/media\/20141"}],"wp:attachment":[{"href":"https:\/\/blogs.correio24horas.com.br\/mesalte\/wp-json\/wp\/v2\/media?parent=20140"}],"wp:term":[{"taxonomy":"category","embeddable":true,"href":"https:\/\/blogs.correio24horas.com.br\/mesalte\/wp-json\/wp\/v2\/categories?post=20140"},{"taxonomy":"post_tag","embeddable":true,"href":"https:\/\/blogs.correio24horas.com.br\/mesalte\/wp-json\/wp\/v2\/tags?post=20140"}],"curies":[{"name":"wp","href":"https:\/\/api.w.org\/{rel}","templated":true}]}}