{"id":20127,"date":"2019-09-09T14:17:01","date_gmt":"2019-09-09T17:17:01","guid":{"rendered":"https:\/\/blogs.correio24horas.com.br\/mesalte\/?p=20127"},"modified":"2019-09-09T15:01:13","modified_gmt":"2019-09-09T18:01:13","slug":"jornalista-naiana-ribeiro-recebe-homenagem-na-camara-municipal-de-salvador-2","status":"publish","type":"post","link":"https:\/\/blogs.correio24horas.com.br\/mesalte\/jornalista-naiana-ribeiro-recebe-homenagem-na-camara-municipal-de-salvador-2\/","title":{"rendered":"Jornalista Naiana Ribeiro recebe homenagem na C\u00e2mara Municipal de Salvador"},"content":{"rendered":"\n<p><\/p>\n\n\n\n<p>A jornalista Naiana Ribeiro \u00e9 uma das homenageadas da sess\u00e3o especial que ser\u00e1 realizada nesta ter\u00e7a-feira (10) no Plen\u00e1rio Cosme de Farias, da C\u00e2mara Municipal de Salvador (Pra\u00e7a Thom\u00e9 de Souza, Centro). O encontro  aberto ao p\u00fablico marca a comemora\u00e7\u00e3o do Dia do Gordo, celebrado nacionalmente em 10 de setembro, e est\u00e1 marcado para 18h30.<\/p>\n\n\n\n<p> \u201cA nossa luta \u00e9 di\u00e1ria contra os diversos padr\u00f5es e preconceitos que nos amarram. Ao contr\u00e1rio do que muita gente pensa, n\u00e3o queremos \u2018implementar uma ditadura da gordura\u2019. Queremos que a sociedade respeite n\u00e3o s\u00f3 os gordos como todas as minorias. Atrav\u00e9s do meu trabalho, mostro para as pessoas que o que importa \u00e9 eles se sentirem bem consigo mesmas, independente do que digam sobre elas. Tamb\u00e9m discuto muito sobre a rela\u00e7\u00e3o equivocada entre gordura e doen\u00e7a\u201d, afirma a jornalista, que \u00e9 rep\u00f3rter do jornal CORREIO e criou a <a rel=\"noreferrer noopener\" href=\"http:\/\/www.eusouplus.com\/\" target=\"_blank\">PLUS<\/a>, a primeira revista para gordas do pa\u00eds.<\/p>\n\n\n\n<p>A sess\u00e3o \u00e9 uma iniciativa do Movimento Vai Ter Gorda e tamb\u00e9m ir\u00e1 debater quest\u00f5es relacionadas aos avan\u00e7os e desafios da mulher gorda na sociedade. A coordenadora do Vai Ter Gorda, Adriana Santos, que tamb\u00e9m \u00e9 a 1\u00aa Miss Plus Size Bahia, ser\u00e1 uma das condecoradas. Outras personalidades reconhecidas em suas profiss\u00f5es e pela milit\u00e2ncia contra a gordofobia ser\u00e3o homenageadas. <\/p>\n\n\n\n<p>\u201cPrecisamos buscar temas que levem \u00e0 reflex\u00e3o. Todos n\u00f3s somos iguais e merecemos respeito. A gordofobia, infelizmente, ainda \u00e9 um trauma que deve ser eliminado do nosso pa\u00eds e por isso precisamos discutir abertamente esse tema\u201d, destaca <em> <\/em>H\u00e9lio Ferreira, vereador que prop\u00f4s a Sess\u00e3o Especial.<\/p>\n","protected":false},"excerpt":{"rendered":"<p>A jornalista Naiana Ribeiro \u00e9 uma das homenageadas da sess\u00e3o especial que ser\u00e1 realizada nesta ter\u00e7a-feira (10) no Plen\u00e1rio Cosme de Farias, da C\u00e2mara Municipal de [&hellip;]<\/p>\n","protected":false},"author":1,"featured_media":20129,"comment_status":"open","ping_status":"open","sticky":false,"template":"","format":"image","meta":{"footnotes":""},"categories":[28,80],"tags":[],"class_list":["post-20127","post","type-post","status-publish","format-image","has-post-thumbnail","hentry","category-farofa-digital","category-home","post_format-post-format-image"],"_links":{"self":[{"href":"https:\/\/blogs.correio24horas.com.br\/mesalte\/wp-json\/wp\/v2\/posts\/20127","targetHints":{"allow":["GET"]}}],"collection":[{"href":"https:\/\/blogs.correio24horas.com.br\/mesalte\/wp-json\/wp\/v2\/posts"}],"about":[{"href":"https:\/\/blogs.correio24horas.com.br\/mesalte\/wp-json\/wp\/v2\/types\/post"}],"author":[{"embeddable":true,"href":"https:\/\/blogs.correio24horas.com.br\/mesalte\/wp-json\/wp\/v2\/users\/1"}],"replies":[{"embeddable":true,"href":"https:\/\/blogs.correio24horas.com.br\/mesalte\/wp-json\/wp\/v2\/comments?post=20127"}],"version-history":[{"count":1,"href":"https:\/\/blogs.correio24horas.com.br\/mesalte\/wp-json\/wp\/v2\/posts\/20127\/revisions"}],"predecessor-version":[{"id":20128,"href":"https:\/\/blogs.correio24horas.com.br\/mesalte\/wp-json\/wp\/v2\/posts\/20127\/revisions\/20128"}],"wp:featuredmedia":[{"embeddable":true,"href":"https:\/\/blogs.correio24horas.com.br\/mesalte\/wp-json\/wp\/v2\/media\/20129"}],"wp:attachment":[{"href":"https:\/\/blogs.correio24horas.com.br\/mesalte\/wp-json\/wp\/v2\/media?parent=20127"}],"wp:term":[{"taxonomy":"category","embeddable":true,"href":"https:\/\/blogs.correio24horas.com.br\/mesalte\/wp-json\/wp\/v2\/categories?post=20127"},{"taxonomy":"post_tag","embeddable":true,"href":"https:\/\/blogs.correio24horas.com.br\/mesalte\/wp-json\/wp\/v2\/tags?post=20127"}],"curies":[{"name":"wp","href":"https:\/\/api.w.org\/{rel}","templated":true}]}}