{"id":20111,"date":"2019-09-08T13:48:52","date_gmt":"2019-09-08T16:48:52","guid":{"rendered":"https:\/\/blogs.correio24horas.com.br\/mesalte\/?p=20111"},"modified":"2019-09-08T13:49:10","modified_gmt":"2019-09-08T16:49:10","slug":"boipeba-uma-ilha-cercada-de-diversidade-grita-o-orgulho-lgbtqi-em-1a-parada","status":"publish","type":"post","link":"https:\/\/blogs.correio24horas.com.br\/mesalte\/boipeba-uma-ilha-cercada-de-diversidade-grita-o-orgulho-lgbtqi-em-1a-parada\/","title":{"rendered":"Boipeba, uma ilha cercada de diversidade grita o orgulho LGBTQI em 1\u00aa parada"},"content":{"rendered":"\n<p>Boipeba \u00e9 um dos locais de coloniza\u00e7\u00e3o mais antigos da Bahia. Em 1537, os jesu\u00edtas fundaram a Aldeia e a Resid\u00eancia de Boipeba. Passados 482 anos do in\u00edcio da explora\u00e7\u00e3o da cidade pela coloniza\u00e7\u00e3o portuguesa &#8211; neste 7 de setembro de 2019 (dia em que se recorda a separa\u00e7\u00e3o oficial de Brasil e Portugal ) &#8211;  a popula\u00e7\u00e3o LGBTQI da ilha deu seu gripo de liberdade. <\/p>\n\n\n\n<p>Um grito que estava entalado na garganta de Marias, Lumas, Alexias, Rodrigos, Rebecas e tantas outras pessoas LGBTQI que vivem na ilha e que nunca puderam se expressar em forma de uma parada para mostrar seu orgulho. Foi justamente o que ocorreu neste s\u00e1bado (7) quando a pequena ilha ganhou ainda mais cores atrav\u00e9s da realiza\u00e7\u00e3o da primeira parada do Orgulho LGBTQIA. <\/p>\n\n\n\n<p>Foram vozes coloridas puxadas em coro por uma banda montada em um quadricilo adaptado. Fazendo jus \u00e0 simplicidade caracter\u00edstica da ilha, o cortejo festivo passou pelos principais pontos da cidade levanto a mensagem de respeito \u00e0 diversidade. <\/p>\n\n\n\n<p>Sim, tiveram olhares atravessados. N\u00e3o somente hoje, mas tamb\u00e9m nos dias que antecederam ao evento. Um morador, que preferiu n\u00e3o se identificar, relatou que por quest\u00f5es religiosas n\u00e3o apoiava a decis\u00e3o de ser feita a parada na ilha. &#8220;Acho errado. N\u00e3o poderia acontecer. Eu orei muito hoje para chover a ponto de cancelar&#8221;, bradou o homem que, contudo, n\u00e3o tirou o olho da bunda das mulheres trans enquanto conversava com a reportagem. <\/p>\n\n\n\n<p>Felizmente ele foi a absoluta minoria. Gente como a dona de casa Carla Souza, que \u00e9 moradora de Valen\u00e7a e veio passar o feriad\u00e3o na ilha. &#8220;Quando eu cheguei na cidade tinha um buxixo do povo falando que ia ser ruim por conta das crian\u00e7as. Vim pra porta para olhar e n\u00e3o estou vendo nada demais. S\u00f3 estou vendo alegria e felicidade. \u00c9 isso que as crian\u00e7as t\u00eam que ver&#8221;, ressaltou. <\/p>\n\n\n\n<figure class=\"wp-block-image\"><img loading=\"lazy\" decoding=\"async\" width=\"768\" height=\"1024\" src=\"https:\/\/blogs.correio24h.com.br\/mesalte\/wp-content\/uploads\/2019\/09\/boipeba2-768x1024.jpg\" alt=\"\" class=\"wp-image-20119\" srcset=\"https:\/\/blogs.correio24h.com.br\/mesalte\/wp-content\/uploads\/2019\/09\/boipeba2-768x1024.jpg 768w, https:\/\/blogs.correio24h.com.br\/mesalte\/wp-content\/uploads\/2019\/09\/boipeba2-225x300.jpg 225w, https:\/\/blogs.correio24h.com.br\/mesalte\/wp-content\/uploads\/2019\/09\/boipeba2-110x146.jpg 110w, https:\/\/blogs.correio24h.com.br\/mesalte\/wp-content\/uploads\/2019\/09\/boipeba2-38x50.jpg 38w, https:\/\/blogs.correio24h.com.br\/mesalte\/wp-content\/uploads\/2019\/09\/boipeba2-56x75.jpg 56w, https:\/\/blogs.correio24h.com.br\/mesalte\/wp-content\/uploads\/2019\/09\/boipeba2.jpg 960w\" sizes=\"auto, (max-width: 768px) 100vw, 768px\" \/><\/figure>\n\n\n\n<p>O cortejo teve a participa\u00e7\u00e3o de moradores e comerciantes LGBTQIA, turistas e tamb\u00e9m artistas transformistas de Salvador que participaram da parada: Karmaleoa, Malayka SN, Brendah Barbiere, Eva Sativa, Towanda Verde Frito, Violeta Black e  N\u00e1gila Goldstar.  <\/p>\n\n\n\n<p>&#8220;Eu nunca tinha visto uma drag queen na minha vida. Achei muito bonito ter elas aqui e de forma integrada na nossa cidade. Precisamos ter mais respeito&#8221;, afirmou Jurandir Oliveira, 35 anos, morador de Boipeba. <\/p>\n\n\n\n<p>O turista mineiro Jonatan Ribas, 28 anos, foi surpreendido durante sua viagem de feriad\u00e3o com o cortejo da parada. &#8220;Eu vim para c\u00e1 pensando que ia ficar um dias na calmaria, mas encontrei fervo todos os dias&#8221;, destacou Jonatan referindo-se ao festival da diversidade que foi inciado em Boipeba na quarta-feira com dezenas de atividades. <\/p>\n\n\n\n\n\n<p>A parada foi festiva, importante e simb\u00f3lica. Foi um ato de resist\u00eancia &#8211; inclusive \u00e0 chuva que caiu durante todo percurso &#8211; Contudo, \u00e9 importante destacar que &#8211; assim como Boipeba &#8211; precisamos ainda avan\u00e7ar muito no sentido do respeito \u00e0 diversidade. Pelas ruas da cidade vi receptividade, carinho e acolhimento. Da mesma forma vi muitos coment\u00e1rios, subjuga\u00e7\u00f5es e vulnerabilidade da popula\u00e7\u00e3o LGBTQI da cidade diante da face mais cruel do preconceito. <\/p>\n\n\n\n<p>Tomara que a ilha seja um reduto para que o amor e o cuidado que sobreponha ao \u00f3dio. Quem sabe um dia o grito seja s\u00f3 de alegria. <\/p>\n\n\n\n<p><em><strong>*O Me Salte viajou para Boipeba para a I parada do orgulho LGBTQI a convite do Grupo da Diversidade de Boipeba.<\/strong><\/em><\/p>\n","protected":false},"excerpt":{"rendered":"<p>Boipeba \u00e9 um dos locais de coloniza\u00e7\u00e3o mais antigos da Bahia. Em 1537, os jesu\u00edtas fundaram a Aldeia e a Resid\u00eancia de Boipeba. Passados 482 anos [&hellip;]<\/p>\n","protected":false},"author":1,"featured_media":20118,"comment_status":"open","ping_status":"open","sticky":false,"template":"","format":"standard","meta":{"footnotes":""},"categories":[80,9],"tags":[],"class_list":["post-20111","post","type-post","status-publish","format-standard","has-post-thumbnail","hentry","category-home","category-me-orgulho"],"_links":{"self":[{"href":"https:\/\/blogs.correio24horas.com.br\/mesalte\/wp-json\/wp\/v2\/posts\/20111","targetHints":{"allow":["GET"]}}],"collection":[{"href":"https:\/\/blogs.correio24horas.com.br\/mesalte\/wp-json\/wp\/v2\/posts"}],"about":[{"href":"https:\/\/blogs.correio24horas.com.br\/mesalte\/wp-json\/wp\/v2\/types\/post"}],"author":[{"embeddable":true,"href":"https:\/\/blogs.correio24horas.com.br\/mesalte\/wp-json\/wp\/v2\/users\/1"}],"replies":[{"embeddable":true,"href":"https:\/\/blogs.correio24horas.com.br\/mesalte\/wp-json\/wp\/v2\/comments?post=20111"}],"version-history":[{"count":8,"href":"https:\/\/blogs.correio24horas.com.br\/mesalte\/wp-json\/wp\/v2\/posts\/20111\/revisions"}],"predecessor-version":[{"id":20122,"href":"https:\/\/blogs.correio24horas.com.br\/mesalte\/wp-json\/wp\/v2\/posts\/20111\/revisions\/20122"}],"wp:featuredmedia":[{"embeddable":true,"href":"https:\/\/blogs.correio24horas.com.br\/mesalte\/wp-json\/wp\/v2\/media\/20118"}],"wp:attachment":[{"href":"https:\/\/blogs.correio24horas.com.br\/mesalte\/wp-json\/wp\/v2\/media?parent=20111"}],"wp:term":[{"taxonomy":"category","embeddable":true,"href":"https:\/\/blogs.correio24horas.com.br\/mesalte\/wp-json\/wp\/v2\/categories?post=20111"},{"taxonomy":"post_tag","embeddable":true,"href":"https:\/\/blogs.correio24horas.com.br\/mesalte\/wp-json\/wp\/v2\/tags?post=20111"}],"curies":[{"name":"wp","href":"https:\/\/api.w.org\/{rel}","templated":true}]}}