{"id":20064,"date":"2019-09-02T20:18:00","date_gmt":"2019-09-02T23:18:00","guid":{"rendered":"https:\/\/blogs.correio24horas.com.br\/mesalte\/?p=20064"},"modified":"2019-09-02T20:18:00","modified_gmt":"2019-09-02T23:18:00","slug":"vania-abreu-e-marcelo-quintanilha-lancam-baile-tudo-dia-28-de-setembro-projeto","status":"publish","type":"post","link":"https:\/\/blogs.correio24horas.com.br\/mesalte\/vania-abreu-e-marcelo-quintanilha-lancam-baile-tudo-dia-28-de-setembro-projeto\/","title":{"rendered":"V\u00e2nia Abreu e Marcelo Quintanilha lan\u00e7am &#8220;Baile Tudo&#8221; dia 28 de setembro Projeto"},"content":{"rendered":"<p>Acontecer\u00e1 no dia 28 de setembro a primeira edi\u00e7\u00e3o do\u00a0\u201dBaile Tudo&#8221;, projeto que junta no mesmo palco os int\u00e9rpretes V\u00e2nia Abreu e Marcelo Quintanilha a partir das 20h, na Pra\u00e7a Quincas Berro D&#8217;\u00e1gua &#8211; Pelourinho.<\/p>\n<p>Em 2006, V\u00e2nia Abreu e Marcelo Quintanilha lan\u00e7aram &#8220;Pierrot &amp; Colombina&#8221;, \u00e1lbum e show que traziam cl\u00e1ssicos da MPB cujo tema \u00e9 nossa maior festa popular e explorava o amor de um casal heteronormativo. Treze anos depois, o tema n\u00e3o basta e a dupla vai iluminar o Pelourinho com todas as formas, cores e g\u00eaneros atrav\u00e9s da m\u00fasica e convidam a todos para esse caldeir\u00e3o &#8211; homossexual, heterossexual, bissexual, Pan e aqueles que n\u00e3o se enquadram em nenhum r\u00f3tulo.<\/p>\n<p>V\u00e2nia e Marcelo afirmam que a ideia do &#8220;Baile Tudo&#8221; \u00e9 que o repert\u00f3rio agregue, pluralize o discurso da orienta\u00e7\u00e3o sexual, na contram\u00e3o do que a segmenta\u00e7\u00e3o do mercado vem fazendo.<\/p>\n<p>Sob a dire\u00e7\u00e3o de Fred Soares, Vania Abreu e Marcelo Quintanilha cantam ora juntos, ora separados, acompanhados por uma banda sob a a reg\u00eancia de Bruno Michel, formada por baixo, batera, teclado, percuss\u00e3o e guitarra, e contracenam com dois performers que dar\u00e3o um toque teatral e exclusivo \u00e0 festa.<\/p>\n<p>Os ingressos j\u00e1 est\u00e3o dispon\u00edveis no site www.sympla.com.br, no Balc\u00e3o de Ingresso e no Espa\u00e7o Hair House &#8211; localizado na Alameda das Algarobas, 138, Caminho das \u00c1rvores (neste espa\u00e7o a compra \u00e9 sem taxa de conveni\u00eancia). O primeiro lote est\u00e1 no valor de R$30 (inteira) e R$15 (meia), at\u00e9 o dia 10 de setembro. Em seguida, os ingressos ser\u00e3o vendidos por R$40\/R$20, at\u00e9 o dia 20 de setembro. O terceiro e \u00faltimo lote ter\u00e1 os valores de R$60 e R$30, inteira e meia, respectivamente.<\/p>\n<p>Servi\u00e7o<br \/>\nO qu\u00ea: Baile Tudo \u2013 com V\u00e2nia Abreu e Marcelo Quintanilha<br \/>\nQuando: 28 de setembro, \u00e0s 20h<br \/>\nOnde: Largo Quincas Berro D&#8217;\u00e1gua \u2013 Rua do A\u00e7ouguinho, 12 &#8211; Pelourinho<br \/>\nIngressos: 1\u00b0 lote R$30 (inteira) e R$15 (meia), at\u00e9 10 de setembro<br \/>\nVendas: https:\/\/www.sympla.com.br\/baile-tudo-com-vania-abreu-e-marcelo-quintanilha__634319, Balc\u00e3o de Ingresso E no Espa\u00e7o Hair House (Alameda das Algarobas)<\/p>\n<p>POL\u00cdTICA DE MEIA-ENTRADA<br \/>\nEstudantes (com carteira de Identifica\u00e7\u00e3o Estudantil)<br \/>\nPessoas com defici\u00eancia, inclusive seu acompanhante quando necess\u00e1rio<br \/>\nIdosos e Terceira Idade (cart\u00e3o de aposentado ou RG para maiores de 60 anos)<br \/>\nO DIREITO AO BENEF\u00cdCIO DA MEIA-ENTRADA \u00c9 ASSEGURADO EM 40% DO TOTAL DOS INGRESSOS DISPON\u00cdVEIS PARA CADA EDI\u00c7\u00c3O DO EVENTO.<\/p>\n","protected":false},"excerpt":{"rendered":"<p>Acontecer\u00e1 no dia 28 de setembro a primeira edi\u00e7\u00e3o do\u00a0\u201dBaile Tudo&#8221;, projeto que junta no mesmo palco os int\u00e9rpretes V\u00e2nia Abreu e Marcelo Quintanilha a partir [&hellip;]<\/p>\n","protected":false},"author":1,"featured_media":20065,"comment_status":"open","ping_status":"open","sticky":false,"template":"","format":"image","meta":{"footnotes":""},"categories":[80,16],"tags":[],"class_list":["post-20064","post","type-post","status-publish","format-image","has-post-thumbnail","hentry","category-home","category-me-jogo","post_format-post-format-image"],"_links":{"self":[{"href":"https:\/\/blogs.correio24horas.com.br\/mesalte\/wp-json\/wp\/v2\/posts\/20064","targetHints":{"allow":["GET"]}}],"collection":[{"href":"https:\/\/blogs.correio24horas.com.br\/mesalte\/wp-json\/wp\/v2\/posts"}],"about":[{"href":"https:\/\/blogs.correio24horas.com.br\/mesalte\/wp-json\/wp\/v2\/types\/post"}],"author":[{"embeddable":true,"href":"https:\/\/blogs.correio24horas.com.br\/mesalte\/wp-json\/wp\/v2\/users\/1"}],"replies":[{"embeddable":true,"href":"https:\/\/blogs.correio24horas.com.br\/mesalte\/wp-json\/wp\/v2\/comments?post=20064"}],"version-history":[{"count":1,"href":"https:\/\/blogs.correio24horas.com.br\/mesalte\/wp-json\/wp\/v2\/posts\/20064\/revisions"}],"predecessor-version":[{"id":20066,"href":"https:\/\/blogs.correio24horas.com.br\/mesalte\/wp-json\/wp\/v2\/posts\/20064\/revisions\/20066"}],"wp:featuredmedia":[{"embeddable":true,"href":"https:\/\/blogs.correio24horas.com.br\/mesalte\/wp-json\/wp\/v2\/media\/20065"}],"wp:attachment":[{"href":"https:\/\/blogs.correio24horas.com.br\/mesalte\/wp-json\/wp\/v2\/media?parent=20064"}],"wp:term":[{"taxonomy":"category","embeddable":true,"href":"https:\/\/blogs.correio24horas.com.br\/mesalte\/wp-json\/wp\/v2\/categories?post=20064"},{"taxonomy":"post_tag","embeddable":true,"href":"https:\/\/blogs.correio24horas.com.br\/mesalte\/wp-json\/wp\/v2\/tags?post=20064"}],"curies":[{"name":"wp","href":"https:\/\/api.w.org\/{rel}","templated":true}]}}