{"id":20059,"date":"2019-09-02T20:13:08","date_gmt":"2019-09-02T23:13:08","guid":{"rendered":"https:\/\/blogs.correio24horas.com.br\/mesalte\/?p=20059"},"modified":"2019-09-02T20:13:08","modified_gmt":"2019-09-02T23:13:08","slug":"gratuito-mercado-de-trabalho-e-diversidade-e-tema-de-palestras-e-oficinas-em-salvador","status":"publish","type":"post","link":"https:\/\/blogs.correio24horas.com.br\/mesalte\/gratuito-mercado-de-trabalho-e-diversidade-e-tema-de-palestras-e-oficinas-em-salvador\/","title":{"rendered":"Gratuito: mercado de trabalho e diversidade \u00e9 tema de palestras e oficinas em Salvador\u00a0"},"content":{"rendered":"<p>Mercado de trabalho e diversidade. Esses ser\u00e3o alguns dos temas abordados em evento Mercado 4.0, promovido pela Rede FTC. Gratuito, o projeto re\u00fane nesta ter\u00e7a-feira (3) especialistas renomados que v\u00e3o oferecer palestras e oficinas sobre o mercado e futuro das organiza\u00e7\u00f5es.<\/p>\n<p>As inscri\u00e7\u00f5es para o evento est\u00e3o abertas e podem ser realizadas em http:\/\/mercado4.ftc.br\/.<\/p>\n<p>&nbsp;<\/p>\n<p>A inclus\u00e3o de perfis mais plurais no mundo corporativo, inclusive, ser\u00e1 tema da palestra \u201cO valor da diversidade\u201d, ministrada pelo pesquisador e consultor Ricardo Sales. Um dos principais speakers brasileiros, Ricardo \u00e9 refer\u00eancia em comunica\u00e7\u00e3o inclusiva e capacita\u00e7\u00e3o de lideran\u00e7as para a diversidade. A pesquisadora e futuristic thinker Ligia Zotini tamb\u00e9m participa do evento com a palestra \u201cTrabalho do Futuro ou Futuro do Trabalho\u201d, que trata de tecnologia, inova\u00e7\u00e3o e desenvolvimento humano.<\/p>\n<p>A expectativa \u00e9 que mais de 800 estudantes e profissionais participem de pelo menos uma das atividades programadas para o evento. Al\u00e9m das duas palestras, ser\u00e3o oferecidas ainda 09 oficinas sobre temas relativos \u00e0s demandas desse novo mercado de trabalho.<\/p>\n<p>|Servi\u00e7o|<br \/>\nMercado 4.0 \u2013 o mercado e o futuro das organiza\u00e7\u00f5es<br \/>\nOnde: Shopping Paralela \u2013 2\u00ba Piso, em frente \u00e0 Caixa Econ\u00f4mica<br \/>\nQuando: 03 de setembro, das 10h \u00e0s 22h<br \/>\nInscri\u00e7\u00f5es: http:\/\/mercado4.ftc.br\/.<br \/>\nEvento Gratuito.<\/p>\n","protected":false},"excerpt":{"rendered":"<p>Mercado de trabalho e diversidade. Esses ser\u00e3o alguns dos temas abordados em evento Mercado 4.0, promovido pela Rede FTC. Gratuito, o projeto re\u00fane nesta ter\u00e7a-feira (3) [&hellip;]<\/p>\n","protected":false},"author":1,"featured_media":20062,"comment_status":"open","ping_status":"open","sticky":false,"template":"","format":"image","meta":{"footnotes":""},"categories":[80,11],"tags":[],"class_list":["post-20059","post","type-post","status-publish","format-image","has-post-thumbnail","hentry","category-home","category-me-informo","post_format-post-format-image"],"_links":{"self":[{"href":"https:\/\/blogs.correio24horas.com.br\/mesalte\/wp-json\/wp\/v2\/posts\/20059","targetHints":{"allow":["GET"]}}],"collection":[{"href":"https:\/\/blogs.correio24horas.com.br\/mesalte\/wp-json\/wp\/v2\/posts"}],"about":[{"href":"https:\/\/blogs.correio24horas.com.br\/mesalte\/wp-json\/wp\/v2\/types\/post"}],"author":[{"embeddable":true,"href":"https:\/\/blogs.correio24horas.com.br\/mesalte\/wp-json\/wp\/v2\/users\/1"}],"replies":[{"embeddable":true,"href":"https:\/\/blogs.correio24horas.com.br\/mesalte\/wp-json\/wp\/v2\/comments?post=20059"}],"version-history":[{"count":2,"href":"https:\/\/blogs.correio24horas.com.br\/mesalte\/wp-json\/wp\/v2\/posts\/20059\/revisions"}],"predecessor-version":[{"id":20063,"href":"https:\/\/blogs.correio24horas.com.br\/mesalte\/wp-json\/wp\/v2\/posts\/20059\/revisions\/20063"}],"wp:featuredmedia":[{"embeddable":true,"href":"https:\/\/blogs.correio24horas.com.br\/mesalte\/wp-json\/wp\/v2\/media\/20062"}],"wp:attachment":[{"href":"https:\/\/blogs.correio24horas.com.br\/mesalte\/wp-json\/wp\/v2\/media?parent=20059"}],"wp:term":[{"taxonomy":"category","embeddable":true,"href":"https:\/\/blogs.correio24horas.com.br\/mesalte\/wp-json\/wp\/v2\/categories?post=20059"},{"taxonomy":"post_tag","embeddable":true,"href":"https:\/\/blogs.correio24horas.com.br\/mesalte\/wp-json\/wp\/v2\/tags?post=20059"}],"curies":[{"name":"wp","href":"https:\/\/api.w.org\/{rel}","templated":true}]}}