{"id":20055,"date":"2019-09-02T19:51:06","date_gmt":"2019-09-02T22:51:06","guid":{"rendered":"https:\/\/blogs.correio24horas.com.br\/mesalte\/?p=20055"},"modified":"2019-09-02T19:58:58","modified_gmt":"2019-09-02T22:58:58","slug":"festa-trans-tera-edicao-especial-na-vespera-da-parada-lgbt-em-salvador","status":"publish","type":"post","link":"https:\/\/blogs.correio24horas.com.br\/mesalte\/festa-trans-tera-edicao-especial-na-vespera-da-parada-lgbt-em-salvador\/","title":{"rendered":"Festa trans ter\u00e1 edi\u00e7\u00e3o especial na v\u00e9spera da parada LGBT em Salvador"},"content":{"rendered":"<p>&#8220;Festa trans: noite das flores&#8221;. Esse ser\u00e1 o tema da\u00a036\u00aa edi\u00e7\u00e3o da Festa Trans que acontecer\u00e1 em Salvador no dia 21 de setembro &#8211; um dia antes da <a href=\"https:\/\/blogs.correio24horas.com.br\/mesalte\/apos-18-anos-parada-lgbtqia-de-salvador-saira-do-campo-grande\/\" target=\"_blank\">Parada LGBTQI da Bahia.\u00a0<\/a><\/p>\n<p>A festa \u00e9 voltada para\u00a0travestis, drag queens e homens simpatizantes (t-lovers). Haver\u00e1 um concurso com pr\u00eamio de R$ 100 para a que melhor\u00a0mexer o bumbum\u00a0dan\u00e7ando funk e pagode. Al\u00e9m disso, haver\u00e1 show de Bruna Alves.<\/p>\n<p>Das 23 horas \u00e0s 0h a cerveja em lata ser\u00e1 dobrada.\u00a0A\u00a0 homenageada da noite ser\u00e1 a produtora das festas Ter\u00e7a Trans em S\u00e3o Paulo, Paty Delli que far\u00e1 um show especial. A anima\u00e7\u00e3o musical fica por conta do\u00a0DJ Tico,\u00a0al\u00e9m do gogo boy Brad.<\/p>\n<p>Servi\u00e7o:<br \/>\nFesta trans: noite das flores 2019<br \/>\nData: 21 de setembro<br \/>\nHor\u00e1rio: 22h30<br \/>\nLocal: Espa\u00e7o FOX, na Pituba<br \/>\nValores:\u00a0R$ 45 (homens) e R$ 30 (travestis, cross-dresser e drags)<br \/>\nMais informa\u00e7\u00f5es:\u00a071 99943 3445 &#8211;\u00a071 99645 5528 &#8211;\u00a071 99632 0423<\/p>\n<p>&nbsp;<\/p>\n","protected":false},"excerpt":{"rendered":"<p>&#8220;Festa trans: noite das flores&#8221;. Esse ser\u00e1 o tema da\u00a036\u00aa edi\u00e7\u00e3o da Festa Trans que acontecer\u00e1 em Salvador no dia 21 de setembro &#8211; um dia [&hellip;]<\/p>\n","protected":false},"author":1,"featured_media":20057,"comment_status":"open","ping_status":"open","sticky":false,"template":"","format":"image","meta":{"footnotes":""},"categories":[80,16],"tags":[],"class_list":["post-20055","post","type-post","status-publish","format-image","has-post-thumbnail","hentry","category-home","category-me-jogo","post_format-post-format-image"],"_links":{"self":[{"href":"https:\/\/blogs.correio24horas.com.br\/mesalte\/wp-json\/wp\/v2\/posts\/20055","targetHints":{"allow":["GET"]}}],"collection":[{"href":"https:\/\/blogs.correio24horas.com.br\/mesalte\/wp-json\/wp\/v2\/posts"}],"about":[{"href":"https:\/\/blogs.correio24horas.com.br\/mesalte\/wp-json\/wp\/v2\/types\/post"}],"author":[{"embeddable":true,"href":"https:\/\/blogs.correio24horas.com.br\/mesalte\/wp-json\/wp\/v2\/users\/1"}],"replies":[{"embeddable":true,"href":"https:\/\/blogs.correio24horas.com.br\/mesalte\/wp-json\/wp\/v2\/comments?post=20055"}],"version-history":[{"count":3,"href":"https:\/\/blogs.correio24horas.com.br\/mesalte\/wp-json\/wp\/v2\/posts\/20055\/revisions"}],"predecessor-version":[{"id":20061,"href":"https:\/\/blogs.correio24horas.com.br\/mesalte\/wp-json\/wp\/v2\/posts\/20055\/revisions\/20061"}],"wp:featuredmedia":[{"embeddable":true,"href":"https:\/\/blogs.correio24horas.com.br\/mesalte\/wp-json\/wp\/v2\/media\/20057"}],"wp:attachment":[{"href":"https:\/\/blogs.correio24horas.com.br\/mesalte\/wp-json\/wp\/v2\/media?parent=20055"}],"wp:term":[{"taxonomy":"category","embeddable":true,"href":"https:\/\/blogs.correio24horas.com.br\/mesalte\/wp-json\/wp\/v2\/categories?post=20055"},{"taxonomy":"post_tag","embeddable":true,"href":"https:\/\/blogs.correio24horas.com.br\/mesalte\/wp-json\/wp\/v2\/tags?post=20055"}],"curies":[{"name":"wp","href":"https:\/\/api.w.org\/{rel}","templated":true}]}}