{"id":20052,"date":"2019-09-02T19:39:27","date_gmt":"2019-09-02T22:39:27","guid":{"rendered":"https:\/\/blogs.correio24horas.com.br\/mesalte\/?p=20052"},"modified":"2019-09-02T19:39:27","modified_gmt":"2019-09-02T22:39:27","slug":"baiana-disputa-titulo-de-miss-beleza-trans-em-novembro","status":"publish","type":"post","link":"https:\/\/blogs.correio24horas.com.br\/mesalte\/baiana-disputa-titulo-de-miss-beleza-trans-em-novembro\/","title":{"rendered":"Baiana disputa t\u00edtulo de Miss Beleza Trans em novembro"},"content":{"rendered":"<p>Soteropolitana, a publicit\u00e1ria e atriz Louise, de 27 anos, representar\u00e1 a Bahia na primeira edi\u00e7\u00e3o do concurso Miss Beleza Trans que acontecer\u00e1 no Rio de Janeiro em novembro.<\/p>\n<p>&#8220;Eu sempre tive o sonho de fazer a cirurgia e atrav\u00e9s do concurso quero conseguir meios para fazer a cirurgia, que custa muito caro&#8221;, explica Louise.<\/p>\n<p>Esse ser\u00e1 o primeiro concurso de grande porte que Louise participar\u00e1. O concurso acontecer\u00e1 no dia 3 de novembro e ter\u00e1 a cantora trans Urias como madrinha.<\/p>\n","protected":false},"excerpt":{"rendered":"<p>Soteropolitana, a publicit\u00e1ria e atriz Louise, de 27 anos, representar\u00e1 a Bahia na primeira edi\u00e7\u00e3o do concurso Miss Beleza Trans que acontecer\u00e1 no Rio de Janeiro [&hellip;]<\/p>\n","protected":false},"author":1,"featured_media":20053,"comment_status":"open","ping_status":"open","sticky":false,"template":"","format":"image","meta":{"footnotes":""},"categories":[80,26],"tags":[],"class_list":["post-20052","post","type-post","status-publish","format-image","has-post-thumbnail","hentry","category-home","category-me-inspiro","post_format-post-format-image"],"_links":{"self":[{"href":"https:\/\/blogs.correio24horas.com.br\/mesalte\/wp-json\/wp\/v2\/posts\/20052","targetHints":{"allow":["GET"]}}],"collection":[{"href":"https:\/\/blogs.correio24horas.com.br\/mesalte\/wp-json\/wp\/v2\/posts"}],"about":[{"href":"https:\/\/blogs.correio24horas.com.br\/mesalte\/wp-json\/wp\/v2\/types\/post"}],"author":[{"embeddable":true,"href":"https:\/\/blogs.correio24horas.com.br\/mesalte\/wp-json\/wp\/v2\/users\/1"}],"replies":[{"embeddable":true,"href":"https:\/\/blogs.correio24horas.com.br\/mesalte\/wp-json\/wp\/v2\/comments?post=20052"}],"version-history":[{"count":1,"href":"https:\/\/blogs.correio24horas.com.br\/mesalte\/wp-json\/wp\/v2\/posts\/20052\/revisions"}],"predecessor-version":[{"id":20054,"href":"https:\/\/blogs.correio24horas.com.br\/mesalte\/wp-json\/wp\/v2\/posts\/20052\/revisions\/20054"}],"wp:featuredmedia":[{"embeddable":true,"href":"https:\/\/blogs.correio24horas.com.br\/mesalte\/wp-json\/wp\/v2\/media\/20053"}],"wp:attachment":[{"href":"https:\/\/blogs.correio24horas.com.br\/mesalte\/wp-json\/wp\/v2\/media?parent=20052"}],"wp:term":[{"taxonomy":"category","embeddable":true,"href":"https:\/\/blogs.correio24horas.com.br\/mesalte\/wp-json\/wp\/v2\/categories?post=20052"},{"taxonomy":"post_tag","embeddable":true,"href":"https:\/\/blogs.correio24horas.com.br\/mesalte\/wp-json\/wp\/v2\/tags?post=20052"}],"curies":[{"name":"wp","href":"https:\/\/api.w.org\/{rel}","templated":true}]}}