{"id":20049,"date":"2019-09-02T19:31:48","date_gmt":"2019-09-02T22:31:48","guid":{"rendered":"https:\/\/blogs.correio24horas.com.br\/mesalte\/?p=20049"},"modified":"2019-09-02T19:31:48","modified_gmt":"2019-09-02T22:31:48","slug":"circo-sera-tema-da-micareta-salvador","status":"publish","type":"post","link":"https:\/\/blogs.correio24horas.com.br\/mesalte\/circo-sera-tema-da-micareta-salvador\/","title":{"rendered":"Circo ser\u00e1 tema da Micareta Salvador"},"content":{"rendered":"<p>O Grupo San Sebastian j\u00e1 definiu o tema da pr\u00f3xima edi\u00e7\u00e3o da Micareta Salvador, que acontece de 25 a 27 de outubro, na capital baiana. Com a participa\u00e7\u00e3o de artistas como Ivete Sangalo, Anitta, Claudia Leitte, Daniela Mercury, Alinne Rosa e Babado Novo, o evento ter\u00e1 clima de Circo, ambientado num grande Parque de Divers\u00f5es que celebra tamb\u00e9m os 10 anos dos empres\u00e1rios Jos\u00e9 Augusto Vasconcelos e Andr\u00e9 Gagliano no mercado de entretenimento nacional.<\/p>\n<p>As refer\u00eancias circenses estar\u00e3o n\u00e3o s\u00f3 fazendo parte da decora\u00e7\u00e3o do evento, como tamb\u00e9m nas fantasias dos blocos participantes. Personagens como palha\u00e7o, trapezista e malabarista servir\u00e3o de inspira\u00e7\u00e3o para os abad\u00e1s dos blocos, trazendo mais cor e irrever\u00eancia para a festa, que tamb\u00e9m ganhou nova logomarca, seguindo o tema do evento. O ilustrador Pedrinho da Rocha assina as novas cria\u00e7\u00f5es.<\/p>\n<p>&nbsp;<\/p>\n<p>&nbsp;<\/p>\n","protected":false},"excerpt":{"rendered":"<p>O Grupo San Sebastian j\u00e1 definiu o tema da pr\u00f3xima edi\u00e7\u00e3o da Micareta Salvador, que acontece de 25 a 27 de outubro, na capital baiana. Com [&hellip;]<\/p>\n","protected":false},"author":1,"featured_media":20050,"comment_status":"open","ping_status":"open","sticky":false,"template":"","format":"image","meta":{"footnotes":""},"categories":[28,80],"tags":[],"class_list":["post-20049","post","type-post","status-publish","format-image","has-post-thumbnail","hentry","category-farofa-digital","category-home","post_format-post-format-image"],"_links":{"self":[{"href":"https:\/\/blogs.correio24horas.com.br\/mesalte\/wp-json\/wp\/v2\/posts\/20049","targetHints":{"allow":["GET"]}}],"collection":[{"href":"https:\/\/blogs.correio24horas.com.br\/mesalte\/wp-json\/wp\/v2\/posts"}],"about":[{"href":"https:\/\/blogs.correio24horas.com.br\/mesalte\/wp-json\/wp\/v2\/types\/post"}],"author":[{"embeddable":true,"href":"https:\/\/blogs.correio24horas.com.br\/mesalte\/wp-json\/wp\/v2\/users\/1"}],"replies":[{"embeddable":true,"href":"https:\/\/blogs.correio24horas.com.br\/mesalte\/wp-json\/wp\/v2\/comments?post=20049"}],"version-history":[{"count":1,"href":"https:\/\/blogs.correio24horas.com.br\/mesalte\/wp-json\/wp\/v2\/posts\/20049\/revisions"}],"predecessor-version":[{"id":20051,"href":"https:\/\/blogs.correio24horas.com.br\/mesalte\/wp-json\/wp\/v2\/posts\/20049\/revisions\/20051"}],"wp:featuredmedia":[{"embeddable":true,"href":"https:\/\/blogs.correio24horas.com.br\/mesalte\/wp-json\/wp\/v2\/media\/20050"}],"wp:attachment":[{"href":"https:\/\/blogs.correio24horas.com.br\/mesalte\/wp-json\/wp\/v2\/media?parent=20049"}],"wp:term":[{"taxonomy":"category","embeddable":true,"href":"https:\/\/blogs.correio24horas.com.br\/mesalte\/wp-json\/wp\/v2\/categories?post=20049"},{"taxonomy":"post_tag","embeddable":true,"href":"https:\/\/blogs.correio24horas.com.br\/mesalte\/wp-json\/wp\/v2\/tags?post=20049"}],"curies":[{"name":"wp","href":"https:\/\/api.w.org\/{rel}","templated":true}]}}