{"id":20031,"date":"2019-09-02T06:58:09","date_gmt":"2019-09-02T09:58:09","guid":{"rendered":"http:\/\/blogs.correio24horas.com.br\/mesalte\/?p=20031"},"modified":"2019-09-02T06:58:09","modified_gmt":"2019-09-02T09:58:09","slug":"viii-parada-do-orgulho-lgbtqia-mobiliza-o-suburbio-misturando-luta-e-festa","status":"publish","type":"post","link":"https:\/\/blogs.correio24horas.com.br\/mesalte\/viii-parada-do-orgulho-lgbtqia-mobiliza-o-suburbio-misturando-luta-e-festa\/","title":{"rendered":"VIII Parada do Orgulho LGBTQIA+ mobiliza o Sub\u00farbio misturando luta e festa"},"content":{"rendered":"<p>Por Gabriel Moura*<\/p>\n<p>&nbsp;<\/p>\n<p>Sub\u00farbio, por defini\u00e7\u00e3o, \u00e9 uma \u00e1rea localizada ao redor de uma cidade. Justamente neste local afastado, uma comunidade tamb\u00e9m marginalizada pela sociedade, a LGBT+, se reuniu, na tarde deste domingo (1), para lutar pelos seus direitos e mostrar que tem voz na oitava Parada do Orgulho LGBTQIA+ do Sub\u00farbio de Salvador, que arrastou a p\u00fablico entre os bairros de Paripe e Periperi.<\/p>\n<p>Dois trios el\u00e9tricos animaram os participantes, um comandado por Rainha Loulou e outro por Valerie O\u2019rarah, duas divas da cena LGBT+ de Salvador. Cada um deles tamb\u00e9m teve uma tem\u00e1tica diferente: o que ia atr\u00e1s levava drag queens, gays e transsexuais, j\u00e1 o que ia na frente, puxando o p\u00fablico, estava repleto de mulheres, pois o tema da parada deste ano foi a visibilidade l\u00e9sbica e a misoginia dentro do pr\u00f3prio movimento.<\/p>\n<p>\u201cN\u00f3s, l\u00e9sbicas, somos mulheres que n\u00e3o temos holofote e acabamos marginalizadas, at\u00e9 dentro do pr\u00f3prio movimento LGBT+. E, para mostrar nossa voz, estamos trazendo aqui muitas de n\u00f3s que estamos trabalhando, na correria do dia a dia e dizer que queremos respeito. N\u00f3s n\u00e3o somos minorias e n\u00e3o somos invis\u00edveis\u201d, defende Rosy Silva, uma das organizadoras da parada.<\/p>\n<p>Acontecendo desde 2011 e atualmente na sua oitava edi\u00e7\u00e3o, a Parada do Orgulho LGBTQIA+ do Sub\u00farbio de Salvador j\u00e1 levantou diversas pautas e a cada ano est\u00e1 mais engajada com a comunidade da regi\u00e3o. Rosy comemora o sucesso do evento, que gerou uma maior visibilidade da causa na luta para conseguir pol\u00edticas p\u00fablicas.<\/p>\n<p>\u201c\u00c9 atrav\u00e9s da luta nas ruas que podemos conseguir avan\u00e7os. E ainda mais nesta regi\u00e3o, que \u00e9 o cora\u00e7\u00e3o da cidade. Por mais que n\u00e3o estejamos no centro, somos n\u00f3s, o Sub\u00farbio, que o fazemos funcionar. E, principalmente nesta regi\u00e3o, n\u00f3s, LGBT+, acabamos sofrendo mais, temos mais dificuldade em conseguir empregos, por exemplo. Por isso essa caminhada \u00e9 t\u00e3o importante\u201d, afirma Rosy.<\/p>\n<p>*Duplamente marginalizados*<br \/>\nQuem bem sabe como \u00e9 viver marginalizado tanto por uma quest\u00e3o geogr\u00e1fica quanto por preconceito \u00e9 a assistente social e l\u00e9sbica C\u00e9lia Alves, 55, que sempre morou no Sub\u00farbio de Salvador. Ela defende a tese de que o principal motivo para os LGBT+ sofrerem mais nesta regi\u00e3o \u00e9 a falta de informa\u00e7\u00e3o.<\/p>\n<p>\u201cAs pessoas daqui precisam se conscientizar e internalizar que o fato de eu ser l\u00e9sbica n\u00e3o muda em nada na minha personalidade. Por exemplo, eu sou C\u00e9lia, uma mulher que luta pela sua comunidade e trabalha. N\u00e3o sou apenas uma \u2018sapat\u00e3o\u2019 ou algo assim. A minha sexualidade n\u00e3o \u00e9 a \u00fanica coisa que define quem eu sou\u201d, defende.<\/p>\n<p>Em suas 5 d\u00e9cadas no Sub\u00farbio, C\u00e9lia afirma que n\u00e3o notou nenhuma mudan\u00e7a ou melhoria em rela\u00e7\u00e3o aos LGBT+ na regi\u00e3o. Entretanto, ela n\u00e3o desanima e, a partir de uma experi\u00eancia familiar bem sucedida, aponta uma alternativa para acabar com o preconceito: o di\u00e1logo.<\/p>\n<p>\u201cParadas como essa s\u00e3o extremamente importantes para mostrar que n\u00f3s existimos e que estamos lutando por respeito, mas o preconceito s\u00f3 vai acabar de verdade quando o tema come\u00e7ar a ser assunto dentro de casa. Por exemplo, na minha fam\u00edlia, atrav\u00e9s do di\u00e1logo com eles, eu consegui acabar com alguns estigmas. Isso precisa acontecer com todos para entenderem que a minha sexualidade n\u00e3o \u00e9 uma doen\u00e7a, mas uma op\u00e7\u00e3o\u201d, afirma.<\/p>\n<p>*Festa*<br \/>\nComo a vida n\u00e3o \u00e9 feita s\u00f3 de luta, tamb\u00e9m tinha a galera que estava l\u00e1 na inten\u00e7\u00e3o de curtir. Dentre eles estava o designer de moda Felipe Soares, 23, que veio do Campo Grande, onde mora, para o evento. Acostumado a ir em outras paradas, ele que pela primeira vez esteve na caminhada do Sub\u00farbio, se surpreendeu com a anima\u00e7\u00e3o do p\u00fablico.<\/p>\n<p>\u201cNas outras que eu fui, aqui em Salvador mesmo, a galera era mais envolvida na luta, na milit\u00e2ncia. Aqui tem isso tamb\u00e9m, mas senti uma anima\u00e7\u00e3o maior. E n\u00e3o vejo isso como algo negativo, muito pelo contr\u00e1rio. Tem muita gente aqui que n\u00e3o faz parte da comunidade, mas viu a movimenta\u00e7\u00e3o e se juntou para beber e isso \u00e9 muito importante. A parada n\u00e3o \u00e9 apenas para os LGBT+, mas para todos. Quanto mais gente se juntar, mais a nossa voz ir\u00e1 reverberar\u201d, pontua.<\/p>\n<p>\u00c9 o caso do eletricista Jobson Santos, 41, que ao ouvir o som e ver que tinha cerveja, n\u00e3o pensou duas vezes e chamou os amigos para comer \u00e1gua, s\u00f3 descobrindo do que se tratava quando chegou no local. \u201cEu estou achando muito divertido. \u00c9 uma experi\u00eancia diferente, mas massa. Admito que se soubesse antes do que se tratava, provavelmente n\u00e3o teria vindo, mas me surpreendi e estou aqui curtindo\u201d, conta.<\/p>\n<p>Veja fotos ( por Betto Jr\/Correio)<\/p>\n\n\t\t\t<style type='text\/css'>\n\t\t\t\t#gallery-1 {\n\t\t\t\t\tmargin: auto;\n\t\t\t\t}\n\t\t\t\t#gallery-1 .gallery-item {\n\t\t\t\t\tfloat: left;\n\t\t\t\t\tmargin-top: 10px;\n\t\t\t\t\ttext-align: center;\n\t\t\t\t\twidth: 33.33%;\n\t\t\t\t}\n\t\t\t\t#gallery-1 img {\n\t\t\t\t\tborder: 2px solid #cfcfcf;\n\t\t\t\t}\n\t\t\t\t#gallery-1 .gallery-caption {\n\t\t\t\t\tmargin-left: 0;\n\t\t\t\t}\n\t\t\t\t\/* see gallery_shortcode() in wp-includes\/media.php *\/\n\t\t\t<\/style>\n\t\t<div id='gallery-1' class='gallery galleryid-20031 gallery-columns-3 gallery-size-thumbnail '><dl class='gallery-item'>\n\t\t\t\t<dt class='gallery-icon landscape'>\n\t\t\t\t\t<a href='https:\/\/blogs.correio24horas.com.br\/mesalte\/viii-parada-do-orgulho-lgbtqia-mobiliza-o-suburbio-misturando-luta-e-festa\/img-20190901-wa0079\/'><img loading=\"lazy\" decoding=\"async\" width=\"150\" height=\"150\" src=\"https:\/\/blogs.correio24h.com.br\/mesalte\/wp-content\/uploads\/2019\/09\/IMG-20190901-WA0079-150x150.jpg\" class=\"attachment-thumbnail size-thumbnail\" alt=\"\" srcset=\"https:\/\/blogs.correio24h.com.br\/mesalte\/wp-content\/uploads\/2019\/09\/IMG-20190901-WA0079-150x150.jpg 150w, https:\/\/blogs.correio24h.com.br\/mesalte\/wp-content\/uploads\/2019\/09\/IMG-20190901-WA0079-80x80.jpg 80w, https:\/\/blogs.correio24h.com.br\/mesalte\/wp-content\/uploads\/2019\/09\/IMG-20190901-WA0079-85x85.jpg 85w\" sizes=\"auto, (max-width: 150px) 100vw, 150px\" \/><\/a>\n\t\t\t\t<\/dt><\/dl><dl class='gallery-item'>\n\t\t\t\t<dt class='gallery-icon landscape'>\n\t\t\t\t\t<a href='https:\/\/blogs.correio24horas.com.br\/mesalte\/viii-parada-do-orgulho-lgbtqia-mobiliza-o-suburbio-misturando-luta-e-festa\/img-20190901-wa0090\/'><img loading=\"lazy\" decoding=\"async\" width=\"150\" height=\"150\" src=\"https:\/\/blogs.correio24h.com.br\/mesalte\/wp-content\/uploads\/2019\/09\/IMG-20190901-WA0090-150x150.jpg\" class=\"attachment-thumbnail size-thumbnail\" alt=\"\" srcset=\"https:\/\/blogs.correio24h.com.br\/mesalte\/wp-content\/uploads\/2019\/09\/IMG-20190901-WA0090-150x150.jpg 150w, https:\/\/blogs.correio24h.com.br\/mesalte\/wp-content\/uploads\/2019\/09\/IMG-20190901-WA0090-80x80.jpg 80w, https:\/\/blogs.correio24h.com.br\/mesalte\/wp-content\/uploads\/2019\/09\/IMG-20190901-WA0090-85x85.jpg 85w\" sizes=\"auto, (max-width: 150px) 100vw, 150px\" \/><\/a>\n\t\t\t\t<\/dt><\/dl><dl class='gallery-item'>\n\t\t\t\t<dt class='gallery-icon portrait'>\n\t\t\t\t\t<a href='https:\/\/blogs.correio24horas.com.br\/mesalte\/viii-parada-do-orgulho-lgbtqia-mobiliza-o-suburbio-misturando-luta-e-festa\/img-20190901-wa0099\/'><img loading=\"lazy\" decoding=\"async\" width=\"150\" height=\"150\" src=\"https:\/\/blogs.correio24h.com.br\/mesalte\/wp-content\/uploads\/2019\/09\/IMG-20190901-WA0099-150x150.jpg\" class=\"attachment-thumbnail size-thumbnail\" alt=\"\" srcset=\"https:\/\/blogs.correio24h.com.br\/mesalte\/wp-content\/uploads\/2019\/09\/IMG-20190901-WA0099-150x150.jpg 150w, https:\/\/blogs.correio24h.com.br\/mesalte\/wp-content\/uploads\/2019\/09\/IMG-20190901-WA0099-80x80.jpg 80w, https:\/\/blogs.correio24h.com.br\/mesalte\/wp-content\/uploads\/2019\/09\/IMG-20190901-WA0099-853x860.jpg 853w, https:\/\/blogs.correio24h.com.br\/mesalte\/wp-content\/uploads\/2019\/09\/IMG-20190901-WA0099-85x85.jpg 85w\" sizes=\"auto, (max-width: 150px) 100vw, 150px\" \/><\/a>\n\t\t\t\t<\/dt><\/dl><br style=\"clear: both\" \/><dl class='gallery-item'>\n\t\t\t\t<dt class='gallery-icon landscape'>\n\t\t\t\t\t<a href='https:\/\/blogs.correio24horas.com.br\/mesalte\/viii-parada-do-orgulho-lgbtqia-mobiliza-o-suburbio-misturando-luta-e-festa\/img-20190901-wa0077\/'><img loading=\"lazy\" decoding=\"async\" width=\"150\" height=\"150\" src=\"https:\/\/blogs.correio24h.com.br\/mesalte\/wp-content\/uploads\/2019\/09\/IMG-20190901-WA0077-150x150.jpg\" class=\"attachment-thumbnail size-thumbnail\" alt=\"\" srcset=\"https:\/\/blogs.correio24h.com.br\/mesalte\/wp-content\/uploads\/2019\/09\/IMG-20190901-WA0077-150x150.jpg 150w, https:\/\/blogs.correio24h.com.br\/mesalte\/wp-content\/uploads\/2019\/09\/IMG-20190901-WA0077-80x80.jpg 80w, https:\/\/blogs.correio24h.com.br\/mesalte\/wp-content\/uploads\/2019\/09\/IMG-20190901-WA0077-85x85.jpg 85w\" sizes=\"auto, (max-width: 150px) 100vw, 150px\" \/><\/a>\n\t\t\t\t<\/dt><\/dl><dl class='gallery-item'>\n\t\t\t\t<dt class='gallery-icon landscape'>\n\t\t\t\t\t<a href='https:\/\/blogs.correio24horas.com.br\/mesalte\/viii-parada-do-orgulho-lgbtqia-mobiliza-o-suburbio-misturando-luta-e-festa\/img-20190901-wa0078\/'><img loading=\"lazy\" decoding=\"async\" width=\"150\" height=\"150\" src=\"https:\/\/blogs.correio24h.com.br\/mesalte\/wp-content\/uploads\/2019\/09\/IMG-20190901-WA0078-150x150.jpg\" class=\"attachment-thumbnail size-thumbnail\" alt=\"\" srcset=\"https:\/\/blogs.correio24h.com.br\/mesalte\/wp-content\/uploads\/2019\/09\/IMG-20190901-WA0078-150x150.jpg 150w, https:\/\/blogs.correio24h.com.br\/mesalte\/wp-content\/uploads\/2019\/09\/IMG-20190901-WA0078-80x80.jpg 80w, https:\/\/blogs.correio24h.com.br\/mesalte\/wp-content\/uploads\/2019\/09\/IMG-20190901-WA0078-85x85.jpg 85w\" sizes=\"auto, (max-width: 150px) 100vw, 150px\" \/><\/a>\n\t\t\t\t<\/dt><\/dl><dl class='gallery-item'>\n\t\t\t\t<dt class='gallery-icon landscape'>\n\t\t\t\t\t<a href='https:\/\/blogs.correio24horas.com.br\/mesalte\/viii-parada-do-orgulho-lgbtqia-mobiliza-o-suburbio-misturando-luta-e-festa\/img-20190901-wa0097\/'><img loading=\"lazy\" decoding=\"async\" width=\"150\" height=\"150\" src=\"https:\/\/blogs.correio24h.com.br\/mesalte\/wp-content\/uploads\/2019\/09\/IMG-20190901-WA0097-150x150.jpg\" class=\"attachment-thumbnail size-thumbnail\" alt=\"\" srcset=\"https:\/\/blogs.correio24h.com.br\/mesalte\/wp-content\/uploads\/2019\/09\/IMG-20190901-WA0097-150x150.jpg 150w, https:\/\/blogs.correio24h.com.br\/mesalte\/wp-content\/uploads\/2019\/09\/IMG-20190901-WA0097-80x80.jpg 80w, https:\/\/blogs.correio24h.com.br\/mesalte\/wp-content\/uploads\/2019\/09\/IMG-20190901-WA0097-85x85.jpg 85w\" sizes=\"auto, (max-width: 150px) 100vw, 150px\" \/><\/a>\n\t\t\t\t<\/dt><\/dl><br style=\"clear: both\" \/><dl class='gallery-item'>\n\t\t\t\t<dt class='gallery-icon landscape'>\n\t\t\t\t\t<a href='https:\/\/blogs.correio24horas.com.br\/mesalte\/viii-parada-do-orgulho-lgbtqia-mobiliza-o-suburbio-misturando-luta-e-festa\/img-20190901-wa0086\/'><img loading=\"lazy\" decoding=\"async\" width=\"150\" height=\"150\" src=\"https:\/\/blogs.correio24h.com.br\/mesalte\/wp-content\/uploads\/2019\/09\/IMG-20190901-WA0086-150x150.jpg\" class=\"attachment-thumbnail size-thumbnail\" alt=\"\" srcset=\"https:\/\/blogs.correio24h.com.br\/mesalte\/wp-content\/uploads\/2019\/09\/IMG-20190901-WA0086-150x150.jpg 150w, https:\/\/blogs.correio24h.com.br\/mesalte\/wp-content\/uploads\/2019\/09\/IMG-20190901-WA0086-80x80.jpg 80w, https:\/\/blogs.correio24h.com.br\/mesalte\/wp-content\/uploads\/2019\/09\/IMG-20190901-WA0086-85x85.jpg 85w\" sizes=\"auto, (max-width: 150px) 100vw, 150px\" \/><\/a>\n\t\t\t\t<\/dt><\/dl><dl class='gallery-item'>\n\t\t\t\t<dt class='gallery-icon landscape'>\n\t\t\t\t\t<a href='https:\/\/blogs.correio24horas.com.br\/mesalte\/viii-parada-do-orgulho-lgbtqia-mobiliza-o-suburbio-misturando-luta-e-festa\/img-20190901-wa0084\/'><img loading=\"lazy\" decoding=\"async\" width=\"150\" height=\"150\" src=\"https:\/\/blogs.correio24h.com.br\/mesalte\/wp-content\/uploads\/2019\/09\/IMG-20190901-WA0084-150x150.jpg\" class=\"attachment-thumbnail size-thumbnail\" alt=\"\" srcset=\"https:\/\/blogs.correio24h.com.br\/mesalte\/wp-content\/uploads\/2019\/09\/IMG-20190901-WA0084-150x150.jpg 150w, https:\/\/blogs.correio24h.com.br\/mesalte\/wp-content\/uploads\/2019\/09\/IMG-20190901-WA0084-80x80.jpg 80w, https:\/\/blogs.correio24h.com.br\/mesalte\/wp-content\/uploads\/2019\/09\/IMG-20190901-WA0084-85x85.jpg 85w\" sizes=\"auto, (max-width: 150px) 100vw, 150px\" \/><\/a>\n\t\t\t\t<\/dt><\/dl><dl class='gallery-item'>\n\t\t\t\t<dt class='gallery-icon portrait'>\n\t\t\t\t\t<a href='https:\/\/blogs.correio24horas.com.br\/mesalte\/viii-parada-do-orgulho-lgbtqia-mobiliza-o-suburbio-misturando-luta-e-festa\/img-20190901-wa0095\/'><img loading=\"lazy\" decoding=\"async\" width=\"150\" height=\"150\" src=\"https:\/\/blogs.correio24h.com.br\/mesalte\/wp-content\/uploads\/2019\/09\/IMG-20190901-WA0095-150x150.jpg\" class=\"attachment-thumbnail size-thumbnail\" alt=\"\" srcset=\"https:\/\/blogs.correio24h.com.br\/mesalte\/wp-content\/uploads\/2019\/09\/IMG-20190901-WA0095-150x150.jpg 150w, https:\/\/blogs.correio24h.com.br\/mesalte\/wp-content\/uploads\/2019\/09\/IMG-20190901-WA0095-80x80.jpg 80w, https:\/\/blogs.correio24h.com.br\/mesalte\/wp-content\/uploads\/2019\/09\/IMG-20190901-WA0095-853x860.jpg 853w, https:\/\/blogs.correio24h.com.br\/mesalte\/wp-content\/uploads\/2019\/09\/IMG-20190901-WA0095-85x85.jpg 85w\" sizes=\"auto, (max-width: 150px) 100vw, 150px\" \/><\/a>\n\t\t\t\t<\/dt><\/dl><br style=\"clear: both\" \/><dl class='gallery-item'>\n\t\t\t\t<dt class='gallery-icon landscape'>\n\t\t\t\t\t<a href='https:\/\/blogs.correio24horas.com.br\/mesalte\/viii-parada-do-orgulho-lgbtqia-mobiliza-o-suburbio-misturando-luta-e-festa\/img-20190901-wa0082\/'><img loading=\"lazy\" decoding=\"async\" width=\"150\" height=\"150\" src=\"https:\/\/blogs.correio24h.com.br\/mesalte\/wp-content\/uploads\/2019\/09\/IMG-20190901-WA0082-150x150.jpg\" class=\"attachment-thumbnail size-thumbnail\" alt=\"\" srcset=\"https:\/\/blogs.correio24h.com.br\/mesalte\/wp-content\/uploads\/2019\/09\/IMG-20190901-WA0082-150x150.jpg 150w, https:\/\/blogs.correio24h.com.br\/mesalte\/wp-content\/uploads\/2019\/09\/IMG-20190901-WA0082-80x80.jpg 80w, https:\/\/blogs.correio24h.com.br\/mesalte\/wp-content\/uploads\/2019\/09\/IMG-20190901-WA0082-85x85.jpg 85w\" sizes=\"auto, (max-width: 150px) 100vw, 150px\" \/><\/a>\n\t\t\t\t<\/dt><\/dl><dl class='gallery-item'>\n\t\t\t\t<dt class='gallery-icon landscape'>\n\t\t\t\t\t<a href='https:\/\/blogs.correio24horas.com.br\/mesalte\/viii-parada-do-orgulho-lgbtqia-mobiliza-o-suburbio-misturando-luta-e-festa\/img-20190901-wa0083\/'><img loading=\"lazy\" decoding=\"async\" width=\"150\" height=\"150\" src=\"https:\/\/blogs.correio24h.com.br\/mesalte\/wp-content\/uploads\/2019\/09\/IMG-20190901-WA0083-150x150.jpg\" class=\"attachment-thumbnail size-thumbnail\" alt=\"\" srcset=\"https:\/\/blogs.correio24h.com.br\/mesalte\/wp-content\/uploads\/2019\/09\/IMG-20190901-WA0083-150x150.jpg 150w, https:\/\/blogs.correio24h.com.br\/mesalte\/wp-content\/uploads\/2019\/09\/IMG-20190901-WA0083-80x80.jpg 80w, https:\/\/blogs.correio24h.com.br\/mesalte\/wp-content\/uploads\/2019\/09\/IMG-20190901-WA0083-85x85.jpg 85w\" sizes=\"auto, (max-width: 150px) 100vw, 150px\" \/><\/a>\n\t\t\t\t<\/dt><\/dl><dl class='gallery-item'>\n\t\t\t\t<dt class='gallery-icon landscape'>\n\t\t\t\t\t<a href='https:\/\/blogs.correio24horas.com.br\/mesalte\/viii-parada-do-orgulho-lgbtqia-mobiliza-o-suburbio-misturando-luta-e-festa\/img-20190901-wa0081\/'><img loading=\"lazy\" decoding=\"async\" width=\"150\" height=\"150\" src=\"https:\/\/blogs.correio24h.com.br\/mesalte\/wp-content\/uploads\/2019\/09\/IMG-20190901-WA0081-150x150.jpg\" class=\"attachment-thumbnail size-thumbnail\" alt=\"\" srcset=\"https:\/\/blogs.correio24h.com.br\/mesalte\/wp-content\/uploads\/2019\/09\/IMG-20190901-WA0081-150x150.jpg 150w, https:\/\/blogs.correio24h.com.br\/mesalte\/wp-content\/uploads\/2019\/09\/IMG-20190901-WA0081-80x80.jpg 80w, https:\/\/blogs.correio24h.com.br\/mesalte\/wp-content\/uploads\/2019\/09\/IMG-20190901-WA0081-85x85.jpg 85w\" sizes=\"auto, (max-width: 150px) 100vw, 150px\" \/><\/a>\n\t\t\t\t<\/dt><\/dl><br style=\"clear: both\" \/>\n\t\t\t<\/div>\n\n<p>*Com supervis\u00e3o do chefe de reportagem Jorge Gauthier<\/p>\n","protected":false},"excerpt":{"rendered":"<p>Por Gabriel Moura* &nbsp; Sub\u00farbio, por defini\u00e7\u00e3o, \u00e9 uma \u00e1rea localizada ao redor de uma cidade. Justamente neste local afastado, uma comunidade tamb\u00e9m marginalizada pela sociedade, [&hellip;]<\/p>\n","protected":false},"author":1,"featured_media":20034,"comment_status":"open","ping_status":"open","sticky":false,"template":"","format":"image","meta":{"footnotes":""},"categories":[80,9],"tags":[],"class_list":["post-20031","post","type-post","status-publish","format-image","has-post-thumbnail","hentry","category-home","category-me-orgulho","post_format-post-format-image"],"_links":{"self":[{"href":"https:\/\/blogs.correio24horas.com.br\/mesalte\/wp-json\/wp\/v2\/posts\/20031","targetHints":{"allow":["GET"]}}],"collection":[{"href":"https:\/\/blogs.correio24horas.com.br\/mesalte\/wp-json\/wp\/v2\/posts"}],"about":[{"href":"https:\/\/blogs.correio24horas.com.br\/mesalte\/wp-json\/wp\/v2\/types\/post"}],"author":[{"embeddable":true,"href":"https:\/\/blogs.correio24horas.com.br\/mesalte\/wp-json\/wp\/v2\/users\/1"}],"replies":[{"embeddable":true,"href":"https:\/\/blogs.correio24horas.com.br\/mesalte\/wp-json\/wp\/v2\/comments?post=20031"}],"version-history":[{"count":3,"href":"https:\/\/blogs.correio24horas.com.br\/mesalte\/wp-json\/wp\/v2\/posts\/20031\/revisions"}],"predecessor-version":[{"id":20048,"href":"https:\/\/blogs.correio24horas.com.br\/mesalte\/wp-json\/wp\/v2\/posts\/20031\/revisions\/20048"}],"wp:featuredmedia":[{"embeddable":true,"href":"https:\/\/blogs.correio24horas.com.br\/mesalte\/wp-json\/wp\/v2\/media\/20034"}],"wp:attachment":[{"href":"https:\/\/blogs.correio24horas.com.br\/mesalte\/wp-json\/wp\/v2\/media?parent=20031"}],"wp:term":[{"taxonomy":"category","embeddable":true,"href":"https:\/\/blogs.correio24horas.com.br\/mesalte\/wp-json\/wp\/v2\/categories?post=20031"},{"taxonomy":"post_tag","embeddable":true,"href":"https:\/\/blogs.correio24horas.com.br\/mesalte\/wp-json\/wp\/v2\/tags?post=20031"}],"curies":[{"name":"wp","href":"https:\/\/api.w.org\/{rel}","templated":true}]}}