{"id":20026,"date":"2019-09-01T13:12:20","date_gmt":"2019-09-01T16:12:20","guid":{"rendered":"http:\/\/blogs.correio24horas.com.br\/mesalte\/?p=20026"},"modified":"2019-09-05T09:03:10","modified_gmt":"2019-09-05T12:03:10","slug":"ilha-de-boipeba-tera-primeira-parada-do-orgulho-lgbtqi-em-setembro","status":"publish","type":"post","link":"https:\/\/blogs.correio24horas.com.br\/mesalte\/ilha-de-boipeba-tera-primeira-parada-do-orgulho-lgbtqi-em-setembro\/","title":{"rendered":"Ilha de Boipeba ter\u00e1 primeira parada do orgulho LGBTQI+ em setembro"},"content":{"rendered":"<p>O feriad\u00e3o da Independ\u00eancia ter\u00e1 as cores do arco-\u00edris na Ilha de Boipeba, localizada no munic\u00edpio de Cairu na Bahia. A ilha promove, no dia 7 de setembro, a primeira edi\u00e7\u00e3o da parada LGBTQI+. A programa\u00e7\u00e3o \u00e9 gratuita e faz parte do Festival das Cores, que inicia no dia 4 de setembro com exibi\u00e7\u00e3o de filmes voltados para a diversidade.<\/p>\n<p>Com o tema Ilha do Respeito e da Diversidade, o evento contar\u00e1 com atividades culturais como teatro, dan\u00e7a, poesia e performances. Al\u00e9m disso, bares e pousadas da vila promover\u00e3o bate-papos, oficinas e exibi\u00e7\u00e3o de filmes.<\/p>\n<p>Na quarta-feira (4) acontecer\u00e1, \u00e0s 19h, exibi\u00e7\u00e3o de filmes no Centro Cultural de Boipeba. J\u00e1 na quinta-feira (5), \u00e0s 19h, acontecer\u00e1 a abertura oficial da parada na Casinha Latina. Est\u00e3o confirmadas no festival a drag soteropolitana Petra Per\u00f3n \u2014 miss Salvador, Bahia e Brasil Gay al\u00e9m de ativista pelos direitos LGBTQIA+ \u2014 e tamb\u00e9m Malayka, que atua por exemplo como arte-educadora e drag monstra . Ambas far\u00e3o performances no Restaurante Casinha Latina.<\/p>\n<p>J\u00e1 na sexta-feira (6), \u00e0s 18h, ocorrem apresenta\u00e7\u00f5es culturais na pra\u00e7a Chertelba. E, \u00e0s 22h, acontece o Baile da Pr\u00e9-Parada no Bar das Meninas.<\/p>\n<p>No s\u00e1bado (7), feriado de Independ\u00eancia do Brasil, a organiza\u00e7\u00e3o do evento oferece um caruru no Aracaj\u00e9 da Danny para todos os participantes. Em seguida, a programa\u00e7\u00e3o ser\u00e1 finalizada com o desfile da Parada LGBTQI+ pelas ruas de Boipeba com a anima\u00e7\u00e3o de fanfarras, minitrio e carro\u00e7as. O percurso segue at\u00e9 a Pra\u00e7a Santo Ant\u00f4nio, onde haver\u00e1 a apresenta\u00e7\u00e3o de grupos de m\u00fasica e dan\u00e7a locais. Idealizadores<\/p>\n<p>De acordo com Gilvan Reis, um dos organizadores, a proposta \u00e9 convocar a popula\u00e7\u00e3o local e os turistas a celebrarem a diversidade e reivindicarem a garantia de direitos da comunidade LGBTQI+.<\/p>\n<p>\u201cCome\u00e7amos a perceber no ano passado que Boipeba tinha uma comunidade LGBT\u00a0 vivendo aqui, descobrimos casais que vieram de fora tocar projetos por aqui e temos tamb\u00e9m uma grande presen\u00e7a de turistas. N\u00f3s percebemos a receptividade ao evento\u00a0porque a ilha sempre conviveu bem com a diferen\u00e7a e, como \u00e9 um lugar pequeno, a\u00a0aceita\u00e7\u00e3o das pessoas \u00e9 muito r\u00e1pida\u201d, afirma Reis.<\/p>\n<p>A ideia de criar a Parada surgiu no meio da folia do bloco de carnaval Me Pega Boipeba, idealizado pelo Grupo da Diversidade. O evento \u00e9 impulsionado ainda pela\u00a0Parada LGBTQ+ da Bahia, que acontecer\u00e1 em Salvador no dia 22 de setembro.\u00a0A parada conta com o apoio da Prefeitura Municipal de Cairu e dos comerciantes locais.<\/p>\n<div id=\"attachment_20027\" style=\"width: 1034px\" class=\"wp-caption aligncenter\"><img loading=\"lazy\" decoding=\"async\" aria-describedby=\"caption-attachment-20027\" class=\"size-large wp-image-20027\" src=\"https:\/\/blogs.correio24h.com.br\/mesalte\/wp-content\/uploads\/2019\/09\/boipebas-1024x678.jpeg\" alt=\"Foto: Secom\/BA\" width=\"1024\" height=\"678\" srcset=\"https:\/\/blogs.correio24h.com.br\/mesalte\/wp-content\/uploads\/2019\/09\/boipebas-1024x678.jpeg 1024w, https:\/\/blogs.correio24h.com.br\/mesalte\/wp-content\/uploads\/2019\/09\/boipebas-300x199.jpeg 300w, https:\/\/blogs.correio24h.com.br\/mesalte\/wp-content\/uploads\/2019\/09\/boipebas-768x509.jpeg 768w, https:\/\/blogs.correio24h.com.br\/mesalte\/wp-content\/uploads\/2019\/09\/boipebas-220x146.jpeg 220w, https:\/\/blogs.correio24h.com.br\/mesalte\/wp-content\/uploads\/2019\/09\/boipebas-50x33.jpeg 50w, https:\/\/blogs.correio24h.com.br\/mesalte\/wp-content\/uploads\/2019\/09\/boipebas-113x75.jpeg 113w, https:\/\/blogs.correio24h.com.br\/mesalte\/wp-content\/uploads\/2019\/09\/boipebas.jpeg 1200w\" sizes=\"auto, (max-width: 1024px) 100vw, 1024px\" \/><p id=\"caption-attachment-20027\" class=\"wp-caption-text\">Foto: Secom\/BA<\/p><\/div>\n<p><strong>Sobre Boipeba<\/strong><br \/>\nA vila de Boipeba, fundada no s\u00e9culo XVI, est\u00e1 localizada no munic\u00edpio de Cairu e \u00e9\u00a0um dos um dos destinos tur\u00edsticos mais paradis\u00edacos da Bahia. Em 2013, foi escolhida\u00a0pelos internautas no Traveller&#8217;s Choice 2013\/TripAdvisor, como a segunda ilha mais\u00a0bonita da Am\u00e9rica do Sul, atr\u00e1s apenas da ilha de P\u00e1scoa, no Chile. O seu nome\u00a0deriva da l\u00edngua tupi, com o significado de &#8220;cobra chata&#8221;, denomina\u00e7\u00e3o ind\u00edgena para a tartaruga marinha. A ilha possui v\u00e1rias praias: Boca da Barra, Tassimirim, Cueira, Morer\u00e9, Bainema, Cova da On\u00e7a e Ponta dos Castelhanos.<\/p>\n<p><strong>Como chegar<\/strong><br \/>\nA ilha de Boipeba est\u00e1 localizada a cerca de 45 minutos de barco da cidade de\u00a0Valen\u00e7a, que fica a 300 km de Salvador, onde est\u00e1 aeroporto mais pr\u00f3ximo. A partir de\u00a0Salvador, a op\u00e7\u00e3o mais r\u00e1pida \u00e9 pegar o ferry boat no Terminal Mar\u00edtimo de S\u00e3o<br \/>\nJoaquim at\u00e9 a Ilha de Itaparica e, de l\u00e1, seguir de \u00f4nibus at\u00e9 Valen\u00e7a. O trajeto\u00a0completo de Salvador a Boipeba, considerando ferry boat, \u00f4nibus e barco, dura entre 4\u00a0e 6 horas.<\/p>\n","protected":false},"excerpt":{"rendered":"<p>O feriad\u00e3o da Independ\u00eancia ter\u00e1 as cores do arco-\u00edris na Ilha de Boipeba, localizada no munic\u00edpio de Cairu na Bahia. A ilha promove, no dia 7 [&hellip;]<\/p>\n","protected":false},"author":1,"featured_media":16997,"comment_status":"open","ping_status":"open","sticky":false,"template":"","format":"image","meta":{"footnotes":""},"categories":[80],"tags":[1927,118],"class_list":["post-20026","post","type-post","status-publish","format-image","has-post-thumbnail","hentry","category-home","tag-boipeba","tag-turismo","post_format-post-format-image"],"_links":{"self":[{"href":"https:\/\/blogs.correio24horas.com.br\/mesalte\/wp-json\/wp\/v2\/posts\/20026","targetHints":{"allow":["GET"]}}],"collection":[{"href":"https:\/\/blogs.correio24horas.com.br\/mesalte\/wp-json\/wp\/v2\/posts"}],"about":[{"href":"https:\/\/blogs.correio24horas.com.br\/mesalte\/wp-json\/wp\/v2\/types\/post"}],"author":[{"embeddable":true,"href":"https:\/\/blogs.correio24horas.com.br\/mesalte\/wp-json\/wp\/v2\/users\/1"}],"replies":[{"embeddable":true,"href":"https:\/\/blogs.correio24horas.com.br\/mesalte\/wp-json\/wp\/v2\/comments?post=20026"}],"version-history":[{"count":2,"href":"https:\/\/blogs.correio24horas.com.br\/mesalte\/wp-json\/wp\/v2\/posts\/20026\/revisions"}],"predecessor-version":[{"id":20101,"href":"https:\/\/blogs.correio24horas.com.br\/mesalte\/wp-json\/wp\/v2\/posts\/20026\/revisions\/20101"}],"wp:featuredmedia":[{"embeddable":true,"href":"https:\/\/blogs.correio24horas.com.br\/mesalte\/wp-json\/wp\/v2\/media\/16997"}],"wp:attachment":[{"href":"https:\/\/blogs.correio24horas.com.br\/mesalte\/wp-json\/wp\/v2\/media?parent=20026"}],"wp:term":[{"taxonomy":"category","embeddable":true,"href":"https:\/\/blogs.correio24horas.com.br\/mesalte\/wp-json\/wp\/v2\/categories?post=20026"},{"taxonomy":"post_tag","embeddable":true,"href":"https:\/\/blogs.correio24horas.com.br\/mesalte\/wp-json\/wp\/v2\/tags?post=20026"}],"curies":[{"name":"wp","href":"https:\/\/api.w.org\/{rel}","templated":true}]}}