{"id":20021,"date":"2019-09-01T11:00:31","date_gmt":"2019-09-01T14:00:31","guid":{"rendered":"http:\/\/blogs.correio24horas.com.br\/mesalte\/?p=20021"},"modified":"2019-09-01T11:01:44","modified_gmt":"2019-09-01T14:01:44","slug":"20021-2","status":"publish","type":"post","link":"https:\/\/blogs.correio24horas.com.br\/mesalte\/20021-2\/","title":{"rendered":"4\u00aa edi\u00e7\u00e3o do concurso \u201cMiss e Mister Guetto\u201d ser\u00e1 dia 21 de setembro"},"content":{"rendered":"<p>Acontecer\u00e1 no dia 21 de setembro a 4\u00aa edi\u00e7\u00e3o do concurso\u00a0\u201cMiss e Mister Guetto\u201d. O evento acontecer\u00e1 \u00e0s 19h no Hotel Sol Barra, em Salvador.<\/p>\n<p>O concurso contar\u00e1 com apresenta\u00e7\u00e3o da cantora Wil Carvalho e performance de bailarinos do bloco Muzenza. O desfile de abertura ficar\u00e1 por conta do estilista baiano Jorge Andrade.<\/p>\n<p>Bagagerie Spilberg ser\u00e1 a apresentadora da noite. No total,\u00a0 24 modelos ir\u00e3o concorrer \u00e0 faixa do t\u00edtulo de \u201cMiss e Mister Guetto\u201d, al\u00e9m de premia\u00e7\u00e3o para os tr\u00eas primeiros selecionados em cada categoria do concurso idealizado pelo produtor e empres\u00e1rio Jomar Sousa, da Xtreme Model.<\/p>\n<p>Natally Sousa, moradora de Valen\u00e7a, e Jeferson Lima, morador do bairro Alto da Terezinha, que venceram a edi\u00e7\u00e3o passada, entregar\u00e3o a faixa e a miss\u00e3o aos novos escolhidos.<\/p>\n<p>Os ingressos ser\u00e3o vendidos na modalidade \u201cpague quanto puder\u201d e poder\u00e3o ser retirados 30 minutos antes do evento.<\/p>\n<p>&nbsp;<\/p>\n<p><strong>Servi\u00e7o<\/strong><br \/>\n4\u00aa edi\u00e7\u00e3o do \u2018Miss e Mister Guetto\u2019<br \/>\nData: 21 de setembro (s\u00e1bado)<br \/>\nHor\u00e1rio: 19h<br \/>\nLocal: Hotel Sol Barra<br \/>\nIngressos: Contribui\u00e7\u00e3o volunt\u00e1ria<br \/>\nMais informa\u00e7\u00f5es: (71) 99206-2171<br \/>\nEspa\u00e7o sujeito \u00e0 lota\u00e7\u00e3o.<\/p>\n","protected":false},"excerpt":{"rendered":"<p>Acontecer\u00e1 no dia 21 de setembro a 4\u00aa edi\u00e7\u00e3o do concurso\u00a0\u201cMiss e Mister Guetto\u201d. O evento acontecer\u00e1 \u00e0s 19h no Hotel Sol Barra, em Salvador. O [&hellip;]<\/p>\n","protected":false},"author":1,"featured_media":20022,"comment_status":"open","ping_status":"open","sticky":false,"template":"","format":"image","meta":{"footnotes":""},"categories":[80,16],"tags":[],"class_list":["post-20021","post","type-post","status-publish","format-image","has-post-thumbnail","hentry","category-home","category-me-jogo","post_format-post-format-image"],"_links":{"self":[{"href":"https:\/\/blogs.correio24horas.com.br\/mesalte\/wp-json\/wp\/v2\/posts\/20021","targetHints":{"allow":["GET"]}}],"collection":[{"href":"https:\/\/blogs.correio24horas.com.br\/mesalte\/wp-json\/wp\/v2\/posts"}],"about":[{"href":"https:\/\/blogs.correio24horas.com.br\/mesalte\/wp-json\/wp\/v2\/types\/post"}],"author":[{"embeddable":true,"href":"https:\/\/blogs.correio24horas.com.br\/mesalte\/wp-json\/wp\/v2\/users\/1"}],"replies":[{"embeddable":true,"href":"https:\/\/blogs.correio24horas.com.br\/mesalte\/wp-json\/wp\/v2\/comments?post=20021"}],"version-history":[{"count":2,"href":"https:\/\/blogs.correio24horas.com.br\/mesalte\/wp-json\/wp\/v2\/posts\/20021\/revisions"}],"predecessor-version":[{"id":20025,"href":"https:\/\/blogs.correio24horas.com.br\/mesalte\/wp-json\/wp\/v2\/posts\/20021\/revisions\/20025"}],"wp:featuredmedia":[{"embeddable":true,"href":"https:\/\/blogs.correio24horas.com.br\/mesalte\/wp-json\/wp\/v2\/media\/20022"}],"wp:attachment":[{"href":"https:\/\/blogs.correio24horas.com.br\/mesalte\/wp-json\/wp\/v2\/media?parent=20021"}],"wp:term":[{"taxonomy":"category","embeddable":true,"href":"https:\/\/blogs.correio24horas.com.br\/mesalte\/wp-json\/wp\/v2\/categories?post=20021"},{"taxonomy":"post_tag","embeddable":true,"href":"https:\/\/blogs.correio24horas.com.br\/mesalte\/wp-json\/wp\/v2\/tags?post=20021"}],"curies":[{"name":"wp","href":"https:\/\/api.w.org\/{rel}","templated":true}]}}