{"id":20012,"date":"2019-08-30T14:48:59","date_gmt":"2019-08-30T17:48:59","guid":{"rendered":"http:\/\/blogs.correio24horas.com.br\/mesalte\/?p=20012"},"modified":"2019-08-30T14:48:59","modified_gmt":"2019-08-30T17:48:59","slug":"thiago-almasy-e-o-novo-roteirista-do-canal-multishow","status":"publish","type":"post","link":"https:\/\/blogs.correio24horas.com.br\/mesalte\/thiago-almasy-e-o-novo-roteirista-do-canal-multishow\/","title":{"rendered":"Thiago Almasy \u00e9 o novo roteirista do canal Multishow"},"content":{"rendered":"<p>Famoso por interpretar Junior na webs\u00e9rie Na R\u00e9dea Curta, baiano assina roteiro da terceira temporada de T\u00f4 de Gra\u00e7a, um dos maiores sucessos de audi\u00eancia do Multishow.<\/p>\n<p>O ator, roteirista e diretor baiano Thiago Almasy, mais conhecido pelo p\u00fablico como J\u00fanior, filho de Mainha (Suliv\u00e3 Bispo), da webs\u00e9rie Na R\u00e9dea Curta, acaba de estrear como roteirista do canal Multishow. Ele \u00e9 um dos respons\u00e1veis pelo roteiro da terceira temporada da s\u00e9rie de com\u00e9dia T\u00f4 de Gra\u00e7a, lan\u00e7ada no \u00faltimo dia 19, que \u00e9 um dos maiores sucessos de audi\u00eancia do canal, indo ao ar de segunda a sexta-feira, sempre \u00e0s 22h30.<\/p>\n<p>O convite \u00e0 Almasy foi feito pelo ator Rodrigo Sant\u2019Anna, criador e protagonista da s\u00e9rie, e por J\u00fanior Figueiredo, roteirista do programa. Na trama, Rodrigo Sant\u2019Anna d\u00e1 vida \u00e0 personagem Gra\u00e7a, uma catadora de latinhas e m\u00e3e de 13 filhos. A protagonista \u00e9 a \u00fanica provedora de sua fam\u00edlia, uma mulher sofrida, por\u00e9m valente, trabalhadora, ir\u00f4nica e orgulhosa do dinheiro que ganha como catadora de latinhas.<\/p>\n<p>Al\u00e9m de atuar como o acomodado J\u00fanior em Na R\u00e9dea Curta, Almasy assina dire\u00e7\u00e3o e roteiro da aplaudida webs\u00e9rie, onde mistura realidade e fic\u00e7\u00e3o ao usar a pr\u00f3pria casa para falar da rela\u00e7\u00e3o de uma m\u00e3e preta e seu filho na periferia de Salvador. O ator tamb\u00e9m \u00e9 respons\u00e1vel pela adapta\u00e7\u00e3o do projeto para o teatro, onde atua h\u00e1 mais tempo, tendo mais de treze espet\u00e1culos profissionais no curr\u00edculo, destacando-se Rebola! (vencedor do Pr\u00eamio Braskem de Teatro na categoria espet\u00e1culo adulto), Compadre de Ogum, Dark Times e Madame Sat\u00e3.<\/p>\n<p>Na R\u00e9dea Curta \u2013 A Pe\u00e7a faz temporada de 5 a 8 de setembro (quinta-feira a domingo) no Teatro Jorge Amado.<\/p>\n","protected":false},"excerpt":{"rendered":"<p>Famoso por interpretar Junior na webs\u00e9rie Na R\u00e9dea Curta, baiano assina roteiro da terceira temporada de T\u00f4 de Gra\u00e7a, um dos maiores sucessos de audi\u00eancia do [&hellip;]<\/p>\n","protected":false},"author":1,"featured_media":20015,"comment_status":"open","ping_status":"open","sticky":false,"template":"","format":"image","meta":{"footnotes":""},"categories":[80,9],"tags":[],"class_list":["post-20012","post","type-post","status-publish","format-image","has-post-thumbnail","hentry","category-home","category-me-orgulho","post_format-post-format-image"],"_links":{"self":[{"href":"https:\/\/blogs.correio24horas.com.br\/mesalte\/wp-json\/wp\/v2\/posts\/20012","targetHints":{"allow":["GET"]}}],"collection":[{"href":"https:\/\/blogs.correio24horas.com.br\/mesalte\/wp-json\/wp\/v2\/posts"}],"about":[{"href":"https:\/\/blogs.correio24horas.com.br\/mesalte\/wp-json\/wp\/v2\/types\/post"}],"author":[{"embeddable":true,"href":"https:\/\/blogs.correio24horas.com.br\/mesalte\/wp-json\/wp\/v2\/users\/1"}],"replies":[{"embeddable":true,"href":"https:\/\/blogs.correio24horas.com.br\/mesalte\/wp-json\/wp\/v2\/comments?post=20012"}],"version-history":[{"count":1,"href":"https:\/\/blogs.correio24horas.com.br\/mesalte\/wp-json\/wp\/v2\/posts\/20012\/revisions"}],"predecessor-version":[{"id":20014,"href":"https:\/\/blogs.correio24horas.com.br\/mesalte\/wp-json\/wp\/v2\/posts\/20012\/revisions\/20014"}],"wp:featuredmedia":[{"embeddable":true,"href":"https:\/\/blogs.correio24horas.com.br\/mesalte\/wp-json\/wp\/v2\/media\/20015"}],"wp:attachment":[{"href":"https:\/\/blogs.correio24horas.com.br\/mesalte\/wp-json\/wp\/v2\/media?parent=20012"}],"wp:term":[{"taxonomy":"category","embeddable":true,"href":"https:\/\/blogs.correio24horas.com.br\/mesalte\/wp-json\/wp\/v2\/categories?post=20012"},{"taxonomy":"post_tag","embeddable":true,"href":"https:\/\/blogs.correio24horas.com.br\/mesalte\/wp-json\/wp\/v2\/tags?post=20012"}],"curies":[{"name":"wp","href":"https:\/\/api.w.org\/{rel}","templated":true}]}}