{"id":19998,"date":"2019-08-26T21:29:20","date_gmt":"2019-08-27T00:29:20","guid":{"rendered":"http:\/\/blogs.correio24horas.com.br\/mesalte\/?p=19998"},"modified":"2019-08-26T22:34:28","modified_gmt":"2019-08-27T01:34:28","slug":"apos-ameaca-de-nao-sair-parada-lgbtqia-do-suburbio-e-confirmada-com-2-trios-e-8-madrinhas","status":"publish","type":"post","link":"https:\/\/blogs.correio24horas.com.br\/mesalte\/apos-ameaca-de-nao-sair-parada-lgbtqia-do-suburbio-e-confirmada-com-2-trios-e-8-madrinhas\/","title":{"rendered":"Ap\u00f3s amea\u00e7a de n\u00e3o sair, parada LGBTQIA+ do Sub\u00farbio \u00e9 confirmada com 2 trios e 8 madrinhas"},"content":{"rendered":"<p>\u00c9 com muita alegria que o Me Salte \u00e9 o porta-voz nesta segunda-feira (26) de uma boa not\u00edcia<a href=\"https:\/\/blogs.correio24horas.com.br\/mesalte\/parada-lgbtqi-do-suburbio-esta-ameacada-por-falta-de-trio-eletrico\/\" target=\"_blank\">. Quatro dias ap\u00f3s alertarmos\u00a0<\/a>que a tradicional parada do orgulho LGBTQIA+ do Sub\u00farbio de Salvador poderia n\u00e3o acontecer por falta de trio el\u00e9trico temos o prazer de informar o que evento est\u00e1 CONFIRMAD\u00cdSSIMO para acontecer neste domingo (1\u00ba).<\/p>\n<p>O melhor \u00e9 que para quem n\u00e3o tinha nenhum trio a abund\u00e2ncia veio dobrada! Isso mesmo: ser\u00e3o DOIS trios el\u00e9tricos puxando as bandeiras da diversidade de Paripe at\u00e9 Periperi.<\/p>\n<p>Rosy Silva, que organiza o evento ao lado de sua esposa Alexsandra Leitte, destacou que os dois trios foram cedidos atrav\u00e9s de parceria com a prefeitura-bairro do Sub\u00farbio e da Saltur da Prefeitura Municipal de Salvador.<\/p>\n<p>Cada trio ser\u00e1 puxado por uma grande diva da cena LGBTQIA+ de Salvador. Um ser\u00e1 comandado por\u00a0 Rainha Loulou e outro por\u00a0 Valerie O&#8217;rarah .<\/p>\n<p>Os trios ter\u00e3o oito madrinhas para celebrar a diversidade: Annie Ganzala (grafiteira), Jaqueline Alessandra (comerciante), Adriana Prates (DJ), Nill Nascimento (monitora), Marcia Neri (instrutora de auto escola), Jaciara Santos (vendedora ambulante), C\u00e9lia Souza (assistente social) e Milly Costa (ativista).<\/p>\n<p>A concentra\u00e7\u00e3o dos trios est\u00e1 marcada para 15h com sa\u00edda da pra\u00e7a Jo\u00e3o Martins (Paripe). O destino final \u00e9 o bairro de Periperi (em frente \u00e0 igreja cat\u00f3lica).<\/p>\n","protected":false},"excerpt":{"rendered":"<p>\u00c9 com muita alegria que o Me Salte \u00e9 o porta-voz nesta segunda-feira (26) de uma boa not\u00edcia. Quatro dias ap\u00f3s alertarmos\u00a0que a tradicional parada do [&hellip;]<\/p>\n","protected":false},"author":1,"featured_media":12419,"comment_status":"open","ping_status":"open","sticky":false,"template":"","format":"image","meta":{"footnotes":""},"categories":[80,9],"tags":[],"class_list":["post-19998","post","type-post","status-publish","format-image","has-post-thumbnail","hentry","category-home","category-me-orgulho","post_format-post-format-image"],"_links":{"self":[{"href":"https:\/\/blogs.correio24horas.com.br\/mesalte\/wp-json\/wp\/v2\/posts\/19998","targetHints":{"allow":["GET"]}}],"collection":[{"href":"https:\/\/blogs.correio24horas.com.br\/mesalte\/wp-json\/wp\/v2\/posts"}],"about":[{"href":"https:\/\/blogs.correio24horas.com.br\/mesalte\/wp-json\/wp\/v2\/types\/post"}],"author":[{"embeddable":true,"href":"https:\/\/blogs.correio24horas.com.br\/mesalte\/wp-json\/wp\/v2\/users\/1"}],"replies":[{"embeddable":true,"href":"https:\/\/blogs.correio24horas.com.br\/mesalte\/wp-json\/wp\/v2\/comments?post=19998"}],"version-history":[{"count":6,"href":"https:\/\/blogs.correio24horas.com.br\/mesalte\/wp-json\/wp\/v2\/posts\/19998\/revisions"}],"predecessor-version":[{"id":20004,"href":"https:\/\/blogs.correio24horas.com.br\/mesalte\/wp-json\/wp\/v2\/posts\/19998\/revisions\/20004"}],"wp:featuredmedia":[{"embeddable":true,"href":"https:\/\/blogs.correio24horas.com.br\/mesalte\/wp-json\/wp\/v2\/media\/12419"}],"wp:attachment":[{"href":"https:\/\/blogs.correio24horas.com.br\/mesalte\/wp-json\/wp\/v2\/media?parent=19998"}],"wp:term":[{"taxonomy":"category","embeddable":true,"href":"https:\/\/blogs.correio24horas.com.br\/mesalte\/wp-json\/wp\/v2\/categories?post=19998"},{"taxonomy":"post_tag","embeddable":true,"href":"https:\/\/blogs.correio24horas.com.br\/mesalte\/wp-json\/wp\/v2\/tags?post=19998"}],"curies":[{"name":"wp","href":"https:\/\/api.w.org\/{rel}","templated":true}]}}