{"id":19995,"date":"2019-08-26T21:12:43","date_gmt":"2019-08-27T00:12:43","guid":{"rendered":"http:\/\/blogs.correio24horas.com.br\/mesalte\/?p=19995"},"modified":"2019-08-26T22:28:51","modified_gmt":"2019-08-27T01:28:51","slug":"violacao-de-imagem-nutricionista-baiana-e-obrigada-a-deletar-post-gordofobico-contra-dancarina-thais-carla","status":"publish","type":"post","link":"https:\/\/blogs.correio24horas.com.br\/mesalte\/violacao-de-imagem-nutricionista-baiana-e-obrigada-a-deletar-post-gordofobico-contra-dancarina-thais-carla\/","title":{"rendered":"Viola\u00e7\u00e3o de imagem: Nutricionista baiana \u00e9 obrigada a deletar post gordof\u00f3bico contra dan\u00e7arina Thais Carla"},"content":{"rendered":"<p>Grande dia para o movimento gordo. A Justi\u00e7a concedeu uma liminar garantindo os direitos da dan\u00e7arina Thais Carla (<a href=\"https:\/\/www.instagram.com\/thaiiscarlaoficial\/\" target=\"_blank\">@thaiiscarlaoficial<\/a>) contra uma nutricionista baiana que fez postagem pejorativa utilizando a imagem da artista sem autoriza\u00e7\u00e3o. A r\u00e9 deve excluir o post das suas redes sociais, sob pena de multa di\u00e1ria no valor de R$ 300.<\/p>\n<p>Com a decis\u00e3o inicial, o Judici\u00e1rio entende que Thais Carla teve preju\u00edzo imediato por conta da postagem da r\u00e9, que n\u00e3o teve seu nome divulgado por recomenda\u00e7\u00e3o dos advogados da dan\u00e7arina. &#8220;Com a liminar deferida, conseguimos demonstrar o dano existente no processo&#8221;, explica a advogada Jana\u00edna Abreu (<a href=\"https:\/\/www.instagram.com\/janainababreu\/\" target=\"_blank\">@janainababreu<\/a>), s\u00f3cia da Abreu &amp; Bittencourt, uma das respons\u00e1veis pelo processo.<\/p>\n<p>A a\u00e7\u00e3o foi protocolada como indenizat\u00f3ria por \u201cperdas e danos\u201d e danos morais. O tamb\u00e9m advogado Ives Bittencourt (<a href=\"https:\/\/www.instagram.com\/ivesbittencourt\/\" target=\"_blank\">@ivesbittencourt<\/a>), que acompanha o caso, esclarece que o processo segue o rito formal. &#8220;Come\u00e7amos muito bem. Teremos audi\u00eancia de concilia\u00e7\u00e3o, j\u00e1 designada, e audi\u00eancia de instru\u00e7\u00e3o e julgamento, caso seja necess\u00e1rio para que sejam esclarecidos todos os fatos. Agora, estamos torcendo para que a senten\u00e7a definitiva siga a mesma linha da medida liminar&#8221;, afirma.<\/p>\n<p>Thais Carla comemora a decis\u00e3o, ressaltando que sua imagem foi utilizada indevidamente, resultando na viola\u00e7\u00e3o de direitos pessoais. &#8220;Fiquei muito feliz com esse reconhecimento. Espero que a Justi\u00e7a entenda que os danos v\u00e3o al\u00e9m da n\u00e3o-autoriza\u00e7\u00e3o do uso de imagem, mas tamb\u00e9m envolvem todo o meu trabalho&#8221;, destaca. Ela acredita que, caso a Senten\u00e7a final tamb\u00e9m seja favor\u00e1vel, isso ir\u00e1 inspirar n\u00e3o s\u00f3 pessoas gordas que s\u00e3o v\u00edtimas de postagens pejorativas, mas tamb\u00e9m outras v\u00edtimas de \u00f3dio e invisibiliza\u00e7\u00e3o<em>\u00a0<\/em>na internet: &#8220;Vamos ajudar muitas pessoas!&#8221;.<\/p>\n","protected":false},"excerpt":{"rendered":"<p>Grande dia para o movimento gordo. A Justi\u00e7a concedeu uma liminar garantindo os direitos da dan\u00e7arina Thais Carla (@thaiiscarlaoficial) contra uma nutricionista baiana que fez postagem [&hellip;]<\/p>\n","protected":false},"author":2,"featured_media":19996,"comment_status":"open","ping_status":"open","sticky":false,"template":"","format":"image","meta":{"footnotes":""},"categories":[28,80],"tags":[1925,1462,1926,1924],"class_list":["post-19995","post","type-post","status-publish","format-image","has-post-thumbnail","hentry","category-farofa-digital","category-home","tag-abreu-bittencourt","tag-gordofobia","tag-post-gordofobico","tag-thais-carla","post_format-post-format-image"],"_links":{"self":[{"href":"https:\/\/blogs.correio24horas.com.br\/mesalte\/wp-json\/wp\/v2\/posts\/19995","targetHints":{"allow":["GET"]}}],"collection":[{"href":"https:\/\/blogs.correio24horas.com.br\/mesalte\/wp-json\/wp\/v2\/posts"}],"about":[{"href":"https:\/\/blogs.correio24horas.com.br\/mesalte\/wp-json\/wp\/v2\/types\/post"}],"author":[{"embeddable":true,"href":"https:\/\/blogs.correio24horas.com.br\/mesalte\/wp-json\/wp\/v2\/users\/2"}],"replies":[{"embeddable":true,"href":"https:\/\/blogs.correio24horas.com.br\/mesalte\/wp-json\/wp\/v2\/comments?post=19995"}],"version-history":[{"count":2,"href":"https:\/\/blogs.correio24horas.com.br\/mesalte\/wp-json\/wp\/v2\/posts\/19995\/revisions"}],"predecessor-version":[{"id":20005,"href":"https:\/\/blogs.correio24horas.com.br\/mesalte\/wp-json\/wp\/v2\/posts\/19995\/revisions\/20005"}],"wp:featuredmedia":[{"embeddable":true,"href":"https:\/\/blogs.correio24horas.com.br\/mesalte\/wp-json\/wp\/v2\/media\/19996"}],"wp:attachment":[{"href":"https:\/\/blogs.correio24horas.com.br\/mesalte\/wp-json\/wp\/v2\/media?parent=19995"}],"wp:term":[{"taxonomy":"category","embeddable":true,"href":"https:\/\/blogs.correio24horas.com.br\/mesalte\/wp-json\/wp\/v2\/categories?post=19995"},{"taxonomy":"post_tag","embeddable":true,"href":"https:\/\/blogs.correio24horas.com.br\/mesalte\/wp-json\/wp\/v2\/tags?post=19995"}],"curies":[{"name":"wp","href":"https:\/\/api.w.org\/{rel}","templated":true}]}}