{"id":19989,"date":"2019-08-26T12:12:16","date_gmt":"2019-08-26T15:12:16","guid":{"rendered":"http:\/\/blogs.correio24horas.com.br\/mesalte\/?p=19989"},"modified":"2019-08-26T12:12:16","modified_gmt":"2019-08-26T15:12:16","slug":"conferencia-sobre-turismo-lgbt-acontece-em-sao-paulo-bahia-e-destaque","status":"publish","type":"post","link":"https:\/\/blogs.correio24horas.com.br\/mesalte\/conferencia-sobre-turismo-lgbt-acontece-em-sao-paulo-bahia-e-destaque\/","title":{"rendered":"Confer\u00eancia sobre turismo LGBT acontece em S\u00e3o Paulo; Bahia \u00e9 destaque"},"content":{"rendered":"<p>A Bahia \u00e9 um dos destaques da\u00a03\u00aa Confer\u00eancia Internacional da Diversidade e Turismo LGBT, que acontece at\u00e9 quarta-feira (28), em S\u00e3o Paulo.\u00a0Durante a abertura da confer\u00eancia, Fausto Franco, titular da\u00a0Secretaria do Turismo do Estado da Bahia (Setur), ressaltou que\u00a0as cidades baianas se destacam no turismo &#8216;friendly&#8217; por proporcionarem ambientes democr\u00e1ticos, respeito \u00e0 diversidade, vida noturna agitada, arte e cultura.<\/p>\n<p>&#8220;Nos \u00faltimos dois anos, os \u00f3rg\u00e3os estaduais de turismo t\u00eam desenvolvido a\u00e7\u00f5es para o segmento, principalmente no que se refere \u00e0 qualifica\u00e7\u00e3o do setor atrav\u00e9s de capacita\u00e7\u00f5es profissionais&#8221;, afirmou Franco.<\/p>\n<p>A diretora de promo\u00e7\u00f5es da Setur, Regina Ahmed, destacou que o turista LGBT viaja, em m\u00e9dia, quatro vezes ao ano, sendo o visitante que mais gasta em seus passeios.<\/p>\n<p>Maior encontro econ\u00f4mico brasileiro sobre Diversidade e Turismo LGBT, a confer\u00eancia tem pain\u00e9is, palestras, mesas redondas e a\u00e7\u00f5es da C\u00e2mara de Com\u00e9rcio e Turismo LGBT do Brasil, que em 2019 focou o evento em tr\u00eas pilares: Mercado Empresarial, Turismo e Cultura.<\/p>\n","protected":false},"excerpt":{"rendered":"<p>A Bahia \u00e9 um dos destaques da\u00a03\u00aa Confer\u00eancia Internacional da Diversidade e Turismo LGBT, que acontece at\u00e9 quarta-feira (28), em S\u00e3o Paulo.\u00a0Durante a abertura da confer\u00eancia, [&hellip;]<\/p>\n","protected":false},"author":1,"featured_media":19990,"comment_status":"open","ping_status":"open","sticky":false,"template":"","format":"image","meta":{"footnotes":""},"categories":[80,11],"tags":[],"class_list":["post-19989","post","type-post","status-publish","format-image","has-post-thumbnail","hentry","category-home","category-me-informo","post_format-post-format-image"],"_links":{"self":[{"href":"https:\/\/blogs.correio24horas.com.br\/mesalte\/wp-json\/wp\/v2\/posts\/19989","targetHints":{"allow":["GET"]}}],"collection":[{"href":"https:\/\/blogs.correio24horas.com.br\/mesalte\/wp-json\/wp\/v2\/posts"}],"about":[{"href":"https:\/\/blogs.correio24horas.com.br\/mesalte\/wp-json\/wp\/v2\/types\/post"}],"author":[{"embeddable":true,"href":"https:\/\/blogs.correio24horas.com.br\/mesalte\/wp-json\/wp\/v2\/users\/1"}],"replies":[{"embeddable":true,"href":"https:\/\/blogs.correio24horas.com.br\/mesalte\/wp-json\/wp\/v2\/comments?post=19989"}],"version-history":[{"count":1,"href":"https:\/\/blogs.correio24horas.com.br\/mesalte\/wp-json\/wp\/v2\/posts\/19989\/revisions"}],"predecessor-version":[{"id":19991,"href":"https:\/\/blogs.correio24horas.com.br\/mesalte\/wp-json\/wp\/v2\/posts\/19989\/revisions\/19991"}],"wp:featuredmedia":[{"embeddable":true,"href":"https:\/\/blogs.correio24horas.com.br\/mesalte\/wp-json\/wp\/v2\/media\/19990"}],"wp:attachment":[{"href":"https:\/\/blogs.correio24horas.com.br\/mesalte\/wp-json\/wp\/v2\/media?parent=19989"}],"wp:term":[{"taxonomy":"category","embeddable":true,"href":"https:\/\/blogs.correio24horas.com.br\/mesalte\/wp-json\/wp\/v2\/categories?post=19989"},{"taxonomy":"post_tag","embeddable":true,"href":"https:\/\/blogs.correio24horas.com.br\/mesalte\/wp-json\/wp\/v2\/tags?post=19989"}],"curies":[{"name":"wp","href":"https:\/\/api.w.org\/{rel}","templated":true}]}}