{"id":19978,"date":"2019-08-22T20:07:07","date_gmt":"2019-08-22T23:07:07","guid":{"rendered":"http:\/\/blogs.correio24horas.com.br\/mesalte\/?p=19978"},"modified":"2019-08-22T20:07:16","modified_gmt":"2019-08-22T23:07:16","slug":"nos-nao-somos-mais-amigas-revela-anitta-sobre-pabllo-vittar","status":"publish","type":"post","link":"https:\/\/blogs.correio24horas.com.br\/mesalte\/nos-nao-somos-mais-amigas-revela-anitta-sobre-pabllo-vittar\/","title":{"rendered":"&#8216;N\u00f3s n\u00e3o somos mais amigas&#8217;, revela Anitta sobre Pabllo Vittar"},"content":{"rendered":"<p>A cantora Anitta\u00a0usou o Instagram nesta quinta-feira (22) para esclarecer sua rela\u00e7\u00e3o com a drag queen Pabllo Vittar. Em uma postagem\u00a0que dizia o motivo do desentendimento entre as duas, a artista escreveu que, mesmo com o distanciamento das duas, separa o lado pessoal do profissional. &#8220;N\u00f3s n\u00e3o somos mais amigas. Mas n\u00e3o significa que vou negar as qualidades como artista e o que representa que eu j\u00e1 achava antes, que foi o que me fez chamar pra trabalhar juntas&#8221;, escreveu.<\/p>\n<p><a href=\"https:\/\/blogs.correio24h.com.br\/mesalte\/wp-content\/uploads\/2019\/08\/xanitta-sobre-pabllo-vittar.jpg.pagespeed.ic_.Nu_ws-jHm3-1.jpg\" rel=\"attachment wp-att-19979\"><img loading=\"lazy\" decoding=\"async\" class=\"size-full wp-image-19979 aligncenter\" src=\"https:\/\/blogs.correio24h.com.br\/mesalte\/wp-content\/uploads\/2019\/08\/xanitta-sobre-pabllo-vittar.jpg.pagespeed.ic_.Nu_ws-jHm3-1.jpg\" alt=\"xanitta-sobre-pabllo-vittar.jpg.pagespeed.ic.Nu_ws-jHm3 (1)\" width=\"448\" height=\"479\" srcset=\"https:\/\/blogs.correio24h.com.br\/mesalte\/wp-content\/uploads\/2019\/08\/xanitta-sobre-pabllo-vittar.jpg.pagespeed.ic_.Nu_ws-jHm3-1.jpg 448w, https:\/\/blogs.correio24h.com.br\/mesalte\/wp-content\/uploads\/2019\/08\/xanitta-sobre-pabllo-vittar.jpg.pagespeed.ic_.Nu_ws-jHm3-1-281x300.jpg 281w, https:\/\/blogs.correio24h.com.br\/mesalte\/wp-content\/uploads\/2019\/08\/xanitta-sobre-pabllo-vittar.jpg.pagespeed.ic_.Nu_ws-jHm3-1-137x146.jpg 137w, https:\/\/blogs.correio24h.com.br\/mesalte\/wp-content\/uploads\/2019\/08\/xanitta-sobre-pabllo-vittar.jpg.pagespeed.ic_.Nu_ws-jHm3-1-47x50.jpg 47w, https:\/\/blogs.correio24h.com.br\/mesalte\/wp-content\/uploads\/2019\/08\/xanitta-sobre-pabllo-vittar.jpg.pagespeed.ic_.Nu_ws-jHm3-1-70x75.jpg 70w\" sizes=\"auto, (max-width: 448px) 100vw, 448px\" \/><\/a><\/p>\n<p>A revista Dazed tra\u00e7ou um perfil de Anitta, contando como ela trabalhou para ter uma carreira internacional, fazendo parcerias com nomes como Madonna, Major Lazer, Alesso e Snoop Dogg. &#8220;Eu gosto de mudar as coisas. Meu neg\u00f3cio n\u00e3o \u00e9 apenas fazer m\u00fasica para as pessoas se divertirem e dan\u00e7arem. Eu gosto de fazer as pessoas discutirem as coisas e pensarem diferente&#8221;, afirmou Anitta explicando o motivo de querer uma parceria com Pabllo.<\/p>\n<p>Pabllo tamb\u00e9m j\u00e1 falou abertamente sobre a rela\u00e7\u00e3o entre as duas, em entrevista a uma r\u00e1dio: &#8220;N\u00e3o tenho nenhuma raiva de Anitta. Hoje em dia, a gente n\u00e3o se fala. N\u00e3o somos amigas&#8221;, disse ela. No entanto, na mesma entrevista, Pabllo deixou claro que n\u00e3o h\u00e1 ressentimentos. Ela deu a entender que a rela\u00e7\u00e3o estremeceu por causa dos fuxicos em torno das duas.<\/p>\n<p>&#8220;N\u00e3o desejo nenhum mal para ela. Sempre acompanho os lan\u00e7amentos dela. Mandei mensagem para ela no final de ano, desejando um \u00f3timo ano, que Deus aben\u00e7oe sempre ela. Sou muito grata por tudo que ela fez por mim, apesar de tanta fuxicada. Quando voc\u00ea est\u00e1 neste mundo de artistas e exposi\u00e7\u00e3o, as pessoas gostam de falar muita coisa. E muita coisa que falam \u00e9 mentira, n\u00e9 cara? Vou falar o qu\u00ea? Me defender? Vou estar com minha cabe\u00e7a e minha consci\u00eancia tranquil\u00edssima, inclusive Anitta, se voc\u00ea estiver ouvindo, um beijo, sucesso!&#8221;, concluiu.<\/p>\n","protected":false},"excerpt":{"rendered":"<p>A cantora Anitta\u00a0usou o Instagram nesta quinta-feira (22) para esclarecer sua rela\u00e7\u00e3o com a drag queen Pabllo Vittar. Em uma postagem\u00a0que dizia o motivo do desentendimento [&hellip;]<\/p>\n","protected":false},"author":3,"featured_media":19980,"comment_status":"open","ping_status":"open","sticky":false,"template":"","format":"image","meta":{"footnotes":""},"categories":[28,80],"tags":[1922,790,1876,1354,1253,827,1907],"class_list":["post-19978","post","type-post","status-publish","format-image","has-post-thumbnail","hentry","category-farofa-digital","category-home","tag-alesso","tag-anitta","tag-madonna","tag-major-lazer","tag-pabllo","tag-pabllo-vittar","tag-snoop-dogg","post_format-post-format-image"],"_links":{"self":[{"href":"https:\/\/blogs.correio24horas.com.br\/mesalte\/wp-json\/wp\/v2\/posts\/19978","targetHints":{"allow":["GET"]}}],"collection":[{"href":"https:\/\/blogs.correio24horas.com.br\/mesalte\/wp-json\/wp\/v2\/posts"}],"about":[{"href":"https:\/\/blogs.correio24horas.com.br\/mesalte\/wp-json\/wp\/v2\/types\/post"}],"author":[{"embeddable":true,"href":"https:\/\/blogs.correio24horas.com.br\/mesalte\/wp-json\/wp\/v2\/users\/3"}],"replies":[{"embeddable":true,"href":"https:\/\/blogs.correio24horas.com.br\/mesalte\/wp-json\/wp\/v2\/comments?post=19978"}],"version-history":[{"count":1,"href":"https:\/\/blogs.correio24horas.com.br\/mesalte\/wp-json\/wp\/v2\/posts\/19978\/revisions"}],"predecessor-version":[{"id":19981,"href":"https:\/\/blogs.correio24horas.com.br\/mesalte\/wp-json\/wp\/v2\/posts\/19978\/revisions\/19981"}],"wp:featuredmedia":[{"embeddable":true,"href":"https:\/\/blogs.correio24horas.com.br\/mesalte\/wp-json\/wp\/v2\/media\/19980"}],"wp:attachment":[{"href":"https:\/\/blogs.correio24horas.com.br\/mesalte\/wp-json\/wp\/v2\/media?parent=19978"}],"wp:term":[{"taxonomy":"category","embeddable":true,"href":"https:\/\/blogs.correio24horas.com.br\/mesalte\/wp-json\/wp\/v2\/categories?post=19978"},{"taxonomy":"post_tag","embeddable":true,"href":"https:\/\/blogs.correio24horas.com.br\/mesalte\/wp-json\/wp\/v2\/tags?post=19978"}],"curies":[{"name":"wp","href":"https:\/\/api.w.org\/{rel}","templated":true}]}}