{"id":19973,"date":"2019-08-22T16:46:01","date_gmt":"2019-08-22T19:46:01","guid":{"rendered":"http:\/\/blogs.correio24horas.com.br\/mesalte\/?p=19973"},"modified":"2019-08-22T16:46:01","modified_gmt":"2019-08-22T19:46:01","slug":"parada-lgbtqi-do-suburbio-esta-ameacada-por-falta-de-trio-eletrico","status":"publish","type":"post","link":"https:\/\/blogs.correio24horas.com.br\/mesalte\/parada-lgbtqi-do-suburbio-esta-ameacada-por-falta-de-trio-eletrico\/","title":{"rendered":"Parada LGBTQI+ do Sub\u00farbio est\u00e1 amea\u00e7ada por falta de trio el\u00e9trico"},"content":{"rendered":"<p>Prevista para ser realizada no dia 1\u00ba de setembro, a Oitava edi\u00e7\u00e3o da parada do orgulho LGBTQIA+ do Sub\u00farbio de Salvador pode n\u00e3o acontecer. Em contato com o Me Salte, Rosy Silva, que organiza o evento ao lado de sua esposa Alexsandra Leitte, afirmou que ainda n\u00e3o conseguiu o trio el\u00e9trico para puxar a caminhada que acontece na avenida Suburbana.<\/p>\n<p>&#8220;Fazemos uma caminhada s\u00e9ria. Tudo que fazemos \u00e9 sem fins lucrativos e precisamos de ajuda para realizar a caminhada pois n\u00e3o temos dinheiro para alugar um trio el\u00e9trico. Estamos pedindo socorro para que algu\u00e9m nos doe o trio. Infelizmente, se n\u00e3o conseguirmos o trio teremos que cancelar o evento. \u00c9 um momento de luta s\u00e9ria e n\u00e3o podemos perder a oportunidade de levar pol\u00edticas p\u00fablicas para a popula\u00e7\u00e3o LGBTQIA+&#8221;, explica Rosy.<\/p>\n<p>Com o tema &#8216;N\u00f3s n\u00e3o somos invis\u00edveis&#8221;, o objetivo da parada deste ano \u00e9 sair de Paripe at\u00e9 Periperi.<\/p>\n","protected":false},"excerpt":{"rendered":"<p>Prevista para ser realizada no dia 1\u00ba de setembro, a Oitava edi\u00e7\u00e3o da parada do orgulho LGBTQIA+ do Sub\u00farbio de Salvador pode n\u00e3o acontecer. Em contato [&hellip;]<\/p>\n","protected":false},"author":1,"featured_media":19975,"comment_status":"open","ping_status":"open","sticky":false,"template":"","format":"image","meta":{"footnotes":""},"categories":[80,9],"tags":[],"class_list":["post-19973","post","type-post","status-publish","format-image","has-post-thumbnail","hentry","category-home","category-me-orgulho","post_format-post-format-image"],"_links":{"self":[{"href":"https:\/\/blogs.correio24horas.com.br\/mesalte\/wp-json\/wp\/v2\/posts\/19973","targetHints":{"allow":["GET"]}}],"collection":[{"href":"https:\/\/blogs.correio24horas.com.br\/mesalte\/wp-json\/wp\/v2\/posts"}],"about":[{"href":"https:\/\/blogs.correio24horas.com.br\/mesalte\/wp-json\/wp\/v2\/types\/post"}],"author":[{"embeddable":true,"href":"https:\/\/blogs.correio24horas.com.br\/mesalte\/wp-json\/wp\/v2\/users\/1"}],"replies":[{"embeddable":true,"href":"https:\/\/blogs.correio24horas.com.br\/mesalte\/wp-json\/wp\/v2\/comments?post=19973"}],"version-history":[{"count":2,"href":"https:\/\/blogs.correio24horas.com.br\/mesalte\/wp-json\/wp\/v2\/posts\/19973\/revisions"}],"predecessor-version":[{"id":19976,"href":"https:\/\/blogs.correio24horas.com.br\/mesalte\/wp-json\/wp\/v2\/posts\/19973\/revisions\/19976"}],"wp:featuredmedia":[{"embeddable":true,"href":"https:\/\/blogs.correio24horas.com.br\/mesalte\/wp-json\/wp\/v2\/media\/19975"}],"wp:attachment":[{"href":"https:\/\/blogs.correio24horas.com.br\/mesalte\/wp-json\/wp\/v2\/media?parent=19973"}],"wp:term":[{"taxonomy":"category","embeddable":true,"href":"https:\/\/blogs.correio24horas.com.br\/mesalte\/wp-json\/wp\/v2\/categories?post=19973"},{"taxonomy":"post_tag","embeddable":true,"href":"https:\/\/blogs.correio24horas.com.br\/mesalte\/wp-json\/wp\/v2\/tags?post=19973"}],"curies":[{"name":"wp","href":"https:\/\/api.w.org\/{rel}","templated":true}]}}