{"id":19970,"date":"2019-08-22T13:42:52","date_gmt":"2019-08-22T16:42:52","guid":{"rendered":"http:\/\/blogs.correio24horas.com.br\/mesalte\/?p=19970"},"modified":"2019-08-22T13:42:52","modified_gmt":"2019-08-22T16:42:52","slug":"dao-e-o-convidado-do-cabare-vibratil-desta-sexta-feira-23","status":"publish","type":"post","link":"https:\/\/blogs.correio24horas.com.br\/mesalte\/dao-e-o-convidado-do-cabare-vibratil-desta-sexta-feira-23\/","title":{"rendered":"D\u00e3o \u00e9 o convidado do Cabar\u00e9 Vibr\u00e1til desta sexta-feira (23)"},"content":{"rendered":"<p>A com\u00e9dia musical Cabar\u00e9 Vibr\u00e1til\u00a0ter\u00e1 nesta sexta-feira (23) mais uma edi\u00e7\u00e3o no\u00a0Cabar\u00e9 dos Novos, no Teatro Vila Velha. O cantor D\u00e3o, participa\u00e7\u00e3o especial, levar\u00e1 todo o seu swing para o projeto.<\/p>\n<p>Cabar\u00e9 Vibr\u00e1til \u00e9 uma pe\u00e7a-festa para celebrar a diversidade e a liberdade. Inspirada na est\u00e9tica dos cabar\u00e9s alem\u00e3es, em Brecht e Weill. Um espet\u00e1culo de variedades que traz os atores-cantores Duda Woyda, Leandro Villa e Talis Castro, acompanhados da banda feminina Coral, composta por Roberta Dantas, Poliana Coelho, Lu\u00edsa Santos, Ingrid Steinhagen e Maira Lins, que executam ao vivo m\u00fasicas do cancioneiro queer.<\/p>\n<p>As noites de sextas-feiras no Cabar\u00e9 Vibr\u00e1til se tornaram a morada da alegria e da liberdade, com boa dose de sedu\u00e7\u00e3o e erotismo. Por l\u00e1 j\u00e1 passaram nomes como Tito Bahiense, Cl\u00e1udia Cunha e Rainha Loulou. Essa semana quem aperece por l\u00e1 \u00e9 o cantor D\u00e3o, criador de uma blackmusic contempor\u00e2nea que contagia com sua mistura de ritmos brasileiros e africanos.<\/p>\n<p>Para quem gosta de beber uma boa cerveja, o bar fica aberto durante o espet\u00e1culo. Ent\u00e3o, o que voc\u00ea est\u00e1 esperando? V\u00e1 logo exercitar a alegria de ser livre, antes que a temporada acabe!!! O espet\u00e1culo come\u00e7a \u00e0s 22:00h e os ingressos custam 30,00 e 15,00 e podem ser adquiridos pelo site www.ingressorapido.com.br. Vale lembrar que, o Cabar\u00e9 Vibr\u00e1til ocorre at\u00e9 o dia 30 de agosto.<\/p>\n","protected":false},"excerpt":{"rendered":"<p>A com\u00e9dia musical Cabar\u00e9 Vibr\u00e1til\u00a0ter\u00e1 nesta sexta-feira (23) mais uma edi\u00e7\u00e3o no\u00a0Cabar\u00e9 dos Novos, no Teatro Vila Velha. O cantor D\u00e3o, participa\u00e7\u00e3o especial, levar\u00e1 todo o [&hellip;]<\/p>\n","protected":false},"author":1,"featured_media":19971,"comment_status":"open","ping_status":"open","sticky":false,"template":"","format":"image","meta":{"footnotes":""},"categories":[80,16],"tags":[],"class_list":["post-19970","post","type-post","status-publish","format-image","has-post-thumbnail","hentry","category-home","category-me-jogo","post_format-post-format-image"],"_links":{"self":[{"href":"https:\/\/blogs.correio24horas.com.br\/mesalte\/wp-json\/wp\/v2\/posts\/19970","targetHints":{"allow":["GET"]}}],"collection":[{"href":"https:\/\/blogs.correio24horas.com.br\/mesalte\/wp-json\/wp\/v2\/posts"}],"about":[{"href":"https:\/\/blogs.correio24horas.com.br\/mesalte\/wp-json\/wp\/v2\/types\/post"}],"author":[{"embeddable":true,"href":"https:\/\/blogs.correio24horas.com.br\/mesalte\/wp-json\/wp\/v2\/users\/1"}],"replies":[{"embeddable":true,"href":"https:\/\/blogs.correio24horas.com.br\/mesalte\/wp-json\/wp\/v2\/comments?post=19970"}],"version-history":[{"count":1,"href":"https:\/\/blogs.correio24horas.com.br\/mesalte\/wp-json\/wp\/v2\/posts\/19970\/revisions"}],"predecessor-version":[{"id":19972,"href":"https:\/\/blogs.correio24horas.com.br\/mesalte\/wp-json\/wp\/v2\/posts\/19970\/revisions\/19972"}],"wp:featuredmedia":[{"embeddable":true,"href":"https:\/\/blogs.correio24horas.com.br\/mesalte\/wp-json\/wp\/v2\/media\/19971"}],"wp:attachment":[{"href":"https:\/\/blogs.correio24horas.com.br\/mesalte\/wp-json\/wp\/v2\/media?parent=19970"}],"wp:term":[{"taxonomy":"category","embeddable":true,"href":"https:\/\/blogs.correio24horas.com.br\/mesalte\/wp-json\/wp\/v2\/categories?post=19970"},{"taxonomy":"post_tag","embeddable":true,"href":"https:\/\/blogs.correio24horas.com.br\/mesalte\/wp-json\/wp\/v2\/tags?post=19970"}],"curies":[{"name":"wp","href":"https:\/\/api.w.org\/{rel}","templated":true}]}}