{"id":19925,"date":"2019-08-15T11:53:09","date_gmt":"2019-08-15T14:53:09","guid":{"rendered":"http:\/\/blogs.correio24horas.com.br\/mesalte\/?p=19925"},"modified":"2019-08-15T11:53:09","modified_gmt":"2019-08-15T14:53:09","slug":"em-setembro-teatro-gamboa-tera-programacao-com-tematica-da-diversidade-veja","status":"publish","type":"post","link":"https:\/\/blogs.correio24horas.com.br\/mesalte\/em-setembro-teatro-gamboa-tera-programacao-com-tematica-da-diversidade-veja\/","title":{"rendered":"Em setembro, Teatro Gamboa ter\u00e1 programa\u00e7\u00e3o com tem\u00e1tica da diversidade; veja"},"content":{"rendered":"<p>Mais diversidade, menos barb\u00e1rie! Esse \u00e9 o tema da oitava edi\u00e7\u00e3o do projeto Gayboa, que tem transformado os meses de setembro em espa\u00e7os de diversidade no Teatro Gamboa Nova, em Salvador. Diante de tanta intoler\u00e2ncia e discursos de \u00f3dio, o Gamboa Nova abre espa\u00e7o para mostrar a beleza da pluralidade.\u00a0Confira, com exclusividade, a programa\u00e7\u00e3o:<\/p>\n<p>&nbsp;<\/p>\n<p><strong>CAPA SE MOSTRA INTERIOR:<\/strong><br \/>\nMandacaru quando flora l\u00e1 na seca \u2013 Cisio Lima @ateliecisiolima<\/p>\n<p>A obra faz parte de uma s\u00e9rie de quadros com a tem\u00e1tica do sert\u00e3o nordestino, pensando na valoriza\u00e7\u00e3o e visibilidade cultural deste povo t\u00e3o guerreiro. O desabrochar da flor faz uma ponte que simboliza tamb\u00e9m a luta dos LGBTQs no enfrentamento e reconhecimento da diversidade de g\u00eanero. \u201cCada um vive a sua maneira\u201d.<\/p>\n<p><strong>CINE:<\/strong><br \/>\nMar\u00e9 Kawo \u2013 Deise Fatuma @cinequebradas<\/p>\n<p>Antes das apresenta\u00e7\u00f5es<\/p>\n<p>Quem matou<a href=\"https:\/\/www.youtube.com\/watch?v=oNLM_3ezmAc\" target=\"_blank\"> Marielle Franco e Anderson Gomes? <\/a>Um curta pelas vozes de Marielle Franco. Com dire\u00e7\u00e3o, montagem e cor de Julia Morais, dire\u00e7\u00e3o de fotografia de Fab\u00edola Silva, produ\u00e7\u00e3o Loi\u00e1 Fernandes e Padma Lima, performance Neftara Harnett Still, Loi\u00e1 Fernandes e poesia e interpreta\u00e7\u00e3o de Deise Fatuma, dentro do projeto CineQuebradas.<\/p>\n<p><strong>EXPOSI\u00c7\u00c3O:<\/strong><\/p>\n<p>Pretas est\u00e3o se Amando \u2013 Annie Ganzala<\/p>\n<p>De 01 a 29 de setembro &#8211; das 16h \u00e0s 19h (qua a sab) e 15h \u00e0s 17h (dom)<br \/>\nGratuito<\/p>\n<p>Os trabalhos desta m\u00e3e, sapat\u00e3o e artivista, nascida em Salvador, em aquarela e grafite, movem-se em torno da comunidade negra, especialmente a espiritualidade e as transatl\u00e2nticas conex\u00f5es de vida das mulheres da di\u00e1spora, que tiveram que romper muitas barreiras internas e externas colocadas pelo patriarcado.<\/p>\n<p><strong>CINEMA:<\/strong><\/p>\n<p>CineQuebradas- IV Mostra de Cinema Negra<\/p>\n<p>01 de setembro (domingo) &#8211; das 16h \u00e0s 19h<\/p>\n<p>R$ 20 (inteira), R$ 10 (meia)<\/p>\n<p>Mostra auto-organizada e peri\u00f3dica de cinema, produzida por e para mulheres negras l\u00e9sbicas e bissexuais. A proposta \u00e9 exibir, discutir e valorizar as produ\u00e7\u00f5es que falam sobre essas mulheres, realizando encontros para assistir curtas, m\u00e9dias e longas metragens, videoclipes, anima\u00e7\u00f5es e todo tipo de produ\u00e7\u00e3o audiovisual produzido por mulheres pretas LBT.<\/p>\n<p>CLASSIFICA\u00c7\u00c3O: 14 anos<\/p>\n<p><strong>TEATRO:<\/strong><\/p>\n<p>Soma-Afrontamento \u2013 Coletivo Jo\u00e3o Ningu\u00e9m<\/p>\n<p>04 e 11 de setembro (quarta)<\/p>\n<p>R$ 20 (inteira), R$ 10 (meia)<\/p>\n<p>Espet\u00e1culo multissensorial, forte, doce, po\u00e9tico, que aborda temas como filosofia, hist\u00f3ria, pol\u00edtica, racismo, machismo, homofobia, o exterm\u00ednio do jovem negro, al\u00e9m do empoderamento, a liberdade de express\u00e3o e a democracia.<\/p>\n<p>CLASSIFICA\u00c7\u00c3O: 15 anos<\/p>\n<p>Aquele \u00faltimo Ver\u00e3o \u2013 Roberto Laplagne<\/p>\n<p>07, 14 e 21 de setembro (s\u00e1bados) &#8211; \u00e0s 16h e 19h<\/p>\n<p>08, 15 e 22 de setembro (domingos) \u2013 \u00e0s 16h<\/p>\n<p>R$ 20 (inteira), R$ 10 (meia)<\/p>\n<p>Depois de uma bem sucedida temporada no m\u00eas de maio, volta a cartaz o espet\u00e1culo com G\u00e9sner Braga, M\u00e1rio Bezerra e participa\u00e7\u00e3o especial de Hamilton Lima, que exp\u00f5e uma amizade que transcende o tempo, o espa\u00e7o e as adversidades.<\/p>\n<p>CLASSIFICA\u00c7\u00c3O: 16 anos<\/p>\n<p><strong>SARAU<\/strong><\/p>\n<p>Manifesto da Diversidade \u2013 Site Dois Ter\u00e7os<\/p>\n<p>05, 12, 19 e 26 de setembro (quinta) &#8211; \u00e0s 19h<\/p>\n<p>R$ 20 (inteira), R$ 10 (meia)<\/p>\n<p>Performances de dan\u00e7a, m\u00fasica, teatro e poesia com foco na diversidade e no respeito por meio da arte. O objetivo \u00e9 refletir, de forma l\u00fadica e po\u00e9tica, as quest\u00f5es inerentes \u00e0 opress\u00e3o sofrida pela comunidade LGBTQI+ nesse pa\u00eds e, mais especificamente, como essa realidade se configura para os soteropolitanos que fazem parte dessa minoria.<\/p>\n<p>CLASSIFICA\u00c7\u00c3O: 16 anos<\/p>\n<p><strong>DAN\u00c7A:<\/strong><br \/>\nAmargo \u2013 solo de Bruno Novais \u2013 N\u00facleo Dia Adia e N\u00facleo Eus<\/p>\n<p>18 e 25 de setembro (quarta) &#8211; \u00e0s 19h<\/p>\n<p>R$ 20 (inteira), R$ 10 (meia)<\/p>\n<p>Uma reflex\u00e3o perform\u00e1tica sobre afetividade negra, para falar de amor pr\u00f3prio, de viol\u00eancia e resist\u00eancia, costurando retalhos de hist\u00f3rias atuais em busca de visibilidade.<\/p>\n<p>CLASSIFICA\u00c7\u00c3O: Livre<\/p>\n<p><strong>SHOW<\/strong><br \/>\nDrag Pride ano II &#8211; N\u00e1gila GoldStar e convidadas<\/p>\n<p>06, 13, 20 e 27 de setembro (sexta) &#8211; \u00e0s 19h<\/p>\n<p>R$ 20 (inteira), R$ 10 (meia)<\/p>\n<p>Performances, dublagens, bate-papos e muito close. Passar\u00e3o pelo palco drags veteranas, novatas, monstras, andr\u00f3ginas e amap\u00f4s, compondo um painel em homenagem \u00e0 cena drag soteropolitana.<\/p>\n<p>CLASSIFICA\u00c7\u00c3O: 18 anos<\/p>\n<p><strong>SE MOSTRA INTERIOR<\/strong><br \/>\nSentimentos Gis : Um Solo de Cleybson Lima<\/p>\n<p>**se mostra interior Juazeiro<\/p>\n<p>28 de setembro (sab) &#8211; \u00e0s 19h<\/p>\n<p>29 de setembro (dom) &#8211; \u00e0s 17h<\/p>\n<p>R$ 20 (inteira), R$ 10 (meia)<\/p>\n<p>Uma aventura sobre o fio da navalha que d\u00e1 corpo \u00e0 discuss\u00e3o de g\u00eanero, aonde se chega \u00e0 certeza de que nesse terreno \u00e9 imposs\u00edvel ter certezas. Assim, todo um universo imagin\u00e1rio que vai de sentimentos profundos \u00e0 superf\u00edcie, se estabelece. Mem\u00f3rias, teorias, \u00edcones e estigmas, para trans(formar) e quebrar qualquer forma de enquadramento.<\/p>\n<p>CLASSIFICA\u00c7\u00c3O: 16 anos<\/p>\n","protected":false},"excerpt":{"rendered":"<p>Mais diversidade, menos barb\u00e1rie! Esse \u00e9 o tema da oitava edi\u00e7\u00e3o do projeto Gayboa, que tem transformado os meses de setembro em espa\u00e7os de diversidade no [&hellip;]<\/p>\n","protected":false},"author":1,"featured_media":19927,"comment_status":"open","ping_status":"open","sticky":false,"template":"","format":"image","meta":{"footnotes":""},"categories":[80,16],"tags":[],"class_list":["post-19925","post","type-post","status-publish","format-image","has-post-thumbnail","hentry","category-home","category-me-jogo","post_format-post-format-image"],"_links":{"self":[{"href":"https:\/\/blogs.correio24horas.com.br\/mesalte\/wp-json\/wp\/v2\/posts\/19925","targetHints":{"allow":["GET"]}}],"collection":[{"href":"https:\/\/blogs.correio24horas.com.br\/mesalte\/wp-json\/wp\/v2\/posts"}],"about":[{"href":"https:\/\/blogs.correio24horas.com.br\/mesalte\/wp-json\/wp\/v2\/types\/post"}],"author":[{"embeddable":true,"href":"https:\/\/blogs.correio24horas.com.br\/mesalte\/wp-json\/wp\/v2\/users\/1"}],"replies":[{"embeddable":true,"href":"https:\/\/blogs.correio24horas.com.br\/mesalte\/wp-json\/wp\/v2\/comments?post=19925"}],"version-history":[{"count":2,"href":"https:\/\/blogs.correio24horas.com.br\/mesalte\/wp-json\/wp\/v2\/posts\/19925\/revisions"}],"predecessor-version":[{"id":19928,"href":"https:\/\/blogs.correio24horas.com.br\/mesalte\/wp-json\/wp\/v2\/posts\/19925\/revisions\/19928"}],"wp:featuredmedia":[{"embeddable":true,"href":"https:\/\/blogs.correio24horas.com.br\/mesalte\/wp-json\/wp\/v2\/media\/19927"}],"wp:attachment":[{"href":"https:\/\/blogs.correio24horas.com.br\/mesalte\/wp-json\/wp\/v2\/media?parent=19925"}],"wp:term":[{"taxonomy":"category","embeddable":true,"href":"https:\/\/blogs.correio24horas.com.br\/mesalte\/wp-json\/wp\/v2\/categories?post=19925"},{"taxonomy":"post_tag","embeddable":true,"href":"https:\/\/blogs.correio24horas.com.br\/mesalte\/wp-json\/wp\/v2\/tags?post=19925"}],"curies":[{"name":"wp","href":"https:\/\/api.w.org\/{rel}","templated":true}]}}