{"id":19872,"date":"2019-08-07T17:41:16","date_gmt":"2019-08-07T20:41:16","guid":{"rendered":"http:\/\/blogs.correio24horas.com.br\/mesalte\/?p=19872"},"modified":"2019-08-08T07:06:17","modified_gmt":"2019-08-08T10:06:17","slug":"bahia-ganha-primeira-clinica-particular-voltada-para-populacao-lgbtqia","status":"publish","type":"post","link":"https:\/\/blogs.correio24horas.com.br\/mesalte\/bahia-ganha-primeira-clinica-particular-voltada-para-populacao-lgbtqia\/","title":{"rendered":"Bahia ganha primeira cl\u00ednica\u00a0particular voltada\u00a0para\u00a0 popula\u00e7\u00e3o LGBTQIA+"},"content":{"rendered":"<p>A popula\u00e7\u00e3o\u00a0LGBTQIA+ ter\u00e1 um novo espa\u00e7o para cuidado da sa\u00fade a partir do dia 14 de agosto na Bahia. \u00c9 a Cl\u00ednica Plural &#8211; Assist\u00eancia Integrada em Sa\u00fade e G\u00eanero. O espa\u00e7o, que j\u00e1 est\u00e1 funcionando,\u00a0 \u00e9 a primeira iniciativa privada voltada para o atendimento da popula\u00e7\u00e3o LGBTQI+ na Bahia.<\/p>\n<p>A cl\u00ednica est\u00e1 localizada no Edif\u00edcio Fernando Filgueiras (sala 711), na Avenida Garibaldi, e oferece atendimento nas \u00e1reas de Endocrinologia, Cirurgia Pl\u00e1stica, Urologia, Psiquiatria, Psicologia, Nutri\u00e7\u00e3o e Fisioterapia.<\/p>\n<p>O p\u00fablico LGBTQI+ apresenta necessidades espec\u00edficas, que nem sempre s\u00e3o respeitadas, compreendidas e atendidas pelos servi\u00e7os de sa\u00fade existentes atualmente em nosso pa\u00eds. Em rela\u00e7\u00e3o ao atendimento das demandas da popula\u00e7\u00e3o trans, existem\u00a0 centros de refer\u00eancia no exterior, mas no Brasil os servi\u00e7os s\u00e3o ainda escassos, estando atualmente restritos a Hospitais Universit\u00e1rios e Centros de Refer\u00eancia atrav\u00e9s do SUS, ou a profissionais particulares avulsos.<\/p>\n<p>Em Salvador, por exemplo, o <a href=\"https:\/\/blogs.correio24horas.com.br\/mesalte\/ministerio-da-saude-autoriza-habilitacao-do-ambulatorio-transexualizador-no-hupes\/\" target=\"_blank\">Hospital das Cl\u00ednicas n\u00e3o conseguiu ainda autoriza\u00e7\u00e3o do Minist\u00e9rio da Sa\u00fade.\u00a0<\/a><\/p>\n<p>A iniciativa surgiu de uma ideia compartilhada por quatro m\u00e9dicos: a psiquiatra Larissa Freitas, a endocrinologista Renata Lago, o urologista Ubirajara Barroso e o cirurgi\u00e3o pl\u00e1stico Jos\u00e9 Amandio, que decidiram criar uma cl\u00ednica em que o p\u00fablico LGBTQAI+ fosse atendido adequadamente em suas particularidades e, principalmente, ouvido por especialistas emp\u00e1ticos com suas demandas.<\/p>\n<p>Integram a equipe o\u00a0psic\u00f3logo Gilmaro Nogueira, o nutricionista Paulo Victor Pinheiro e a fisioterapeuta Maria Luiza Veiga, todos com conhecimento das demandas do universo LGBTQAI+.<\/p>\n<p><strong>Popula\u00e7\u00e3o trans e Redesigna\u00e7\u00e3o sexual<\/strong><\/p>\n<p>Na cl\u00ednica tamb\u00e9m ser\u00e1 poss\u00edvel ter orienta\u00e7\u00e3o para o\u00a0processo transexualizador. Atrav\u00e9s do manejo hormonal realizado pela endocrinologista \u00e9 poss\u00edvel modificar algumas caracter\u00edsticas fenot\u00edpicas do paciente,\u00a0por exemplo.<\/p>\n<p>A redesigna\u00e7\u00e3o sexual \u00e9 o procedimento cir\u00fargico que interv\u00e9m na genit\u00e1lia do indiv\u00edduo a fim de modifica-la para aquela socialmente associada ao g\u00eanero que ele se reconhece. A Plural indicou que est\u00e1 entre os seus servi\u00e7os oferecer esta cirurgia, que \u00e9 realizada pelo urologista e direcionada \u00e0s mulheres trans que desejarem a altera\u00e7\u00e3o genital. A redesigna\u00e7\u00e3o sexual em homens trans ainda n\u00e3o est\u00e1 regulamentada no Brasil.<\/p>\n<p>Durante o processo, o indiv\u00edduo \u00e9 acompanhado pela equipe desde o pr\u00e9-operat\u00f3rio at\u00e9 o p\u00f3s. No processo ser\u00e3o realizados atendimentos psicol\u00f3gico e psiqui\u00e1trico, acompanhamento nutricional e da fisioterapeuta especializada em uroginecologia.<\/p>\n<p>Al\u00e9m da cirurgia de redesigna\u00e7\u00e3o sexual, a Plural tamb\u00e9m atende a outras demandas relacionadas \u00e0 transi\u00e7\u00e3o\u00a0 a exemplos de procedimentos realizados pelo cirurgi\u00e3o pl\u00e1stico, como a retirada de gl\u00e2ndulas mam\u00e1rias, redu\u00e7\u00e3o do pomo de ad\u00e3o, feminiliza\u00e7\u00e3o ou masculiniza\u00e7\u00e3o da face, dentre outras.<\/p>\n<p>O hor\u00e1rio de funcionamento da Cl\u00ednica Plural \u00e9 de segunda \u00e0 quinta, das 8h \u00e0s 18h, e sexta-feira, das 8h \u00e0s 17h. Os telefones de contato s\u00e3o (71) 3334-6149 e (71) 99993-6149, sendo esse \u00faltimo tamb\u00e9m WhatsApp.<\/p>\n","protected":false},"excerpt":{"rendered":"<p>A popula\u00e7\u00e3o\u00a0LGBTQIA+ ter\u00e1 um novo espa\u00e7o para cuidado da sa\u00fade a partir do dia 14 de agosto na Bahia. \u00c9 a Cl\u00ednica Plural &#8211; Assist\u00eancia Integrada [&hellip;]<\/p>\n","protected":false},"author":1,"featured_media":19874,"comment_status":"open","ping_status":"open","sticky":false,"template":"","format":"image","meta":{"footnotes":""},"categories":[80,24],"tags":[],"class_list":["post-19872","post","type-post","status-publish","format-image","has-post-thumbnail","hentry","category-home","category-me-cuido","post_format-post-format-image"],"_links":{"self":[{"href":"https:\/\/blogs.correio24horas.com.br\/mesalte\/wp-json\/wp\/v2\/posts\/19872","targetHints":{"allow":["GET"]}}],"collection":[{"href":"https:\/\/blogs.correio24horas.com.br\/mesalte\/wp-json\/wp\/v2\/posts"}],"about":[{"href":"https:\/\/blogs.correio24horas.com.br\/mesalte\/wp-json\/wp\/v2\/types\/post"}],"author":[{"embeddable":true,"href":"https:\/\/blogs.correio24horas.com.br\/mesalte\/wp-json\/wp\/v2\/users\/1"}],"replies":[{"embeddable":true,"href":"https:\/\/blogs.correio24horas.com.br\/mesalte\/wp-json\/wp\/v2\/comments?post=19872"}],"version-history":[{"count":2,"href":"https:\/\/blogs.correio24horas.com.br\/mesalte\/wp-json\/wp\/v2\/posts\/19872\/revisions"}],"predecessor-version":[{"id":19875,"href":"https:\/\/blogs.correio24horas.com.br\/mesalte\/wp-json\/wp\/v2\/posts\/19872\/revisions\/19875"}],"wp:featuredmedia":[{"embeddable":true,"href":"https:\/\/blogs.correio24horas.com.br\/mesalte\/wp-json\/wp\/v2\/media\/19874"}],"wp:attachment":[{"href":"https:\/\/blogs.correio24horas.com.br\/mesalte\/wp-json\/wp\/v2\/media?parent=19872"}],"wp:term":[{"taxonomy":"category","embeddable":true,"href":"https:\/\/blogs.correio24horas.com.br\/mesalte\/wp-json\/wp\/v2\/categories?post=19872"},{"taxonomy":"post_tag","embeddable":true,"href":"https:\/\/blogs.correio24horas.com.br\/mesalte\/wp-json\/wp\/v2\/tags?post=19872"}],"curies":[{"name":"wp","href":"https:\/\/api.w.org\/{rel}","templated":true}]}}