{"id":19869,"date":"2019-08-07T18:49:14","date_gmt":"2019-08-07T21:49:14","guid":{"rendered":"http:\/\/blogs.correio24horas.com.br\/mesalte\/?p=19869"},"modified":"2019-08-07T18:52:07","modified_gmt":"2019-08-07T21:52:07","slug":"apos-18-anos-parada-lgbtqia-de-salvador-saira-do-campo-grande","status":"publish","type":"post","link":"https:\/\/blogs.correio24horas.com.br\/mesalte\/apos-18-anos-parada-lgbtqia-de-salvador-saira-do-campo-grande\/","title":{"rendered":"Ap\u00f3s 18 anos,  parada LGBTQIA+ de Salvador sair\u00e1 do Campo Grande"},"content":{"rendered":"<p>A maior celebra\u00e7\u00e3o da diversidade da Bahia mudar\u00e1 de endere\u00e7o em 2019. Ap\u00f3s 18 anos acontecendo no Campo Grande, a parada do orgulho LGBTQIA+ ser\u00e1 transferida para o Dique do Toror\u00f3 na edi\u00e7\u00e3o deste ano.\u00a0Segundo Wesley Moreira, coordenador da edi\u00e7\u00e3o 2019 da parada, a mudan\u00e7a se faz necess\u00e1ria em fun\u00e7\u00e3o de obras que acontecer\u00e3o no Centro de cidade.<\/p>\n<p>Havia uma vontade do evento acontecer na Barra mas em fun\u00e7\u00e3o de um Termo de Ajustamento de Conduta (TAC) entre a prefeitura e a associa\u00e7\u00e3o de moradores da Barra (que limita a quantidade de eventos no bairro) o Dique foi o local escolhido.<\/p>\n<p>A data tamb\u00e9m ser\u00e1 alterada. O evento, que sempre acontecia no segundo domingo do m\u00eas de setembro, acontecer\u00e1 este ano dia 22 de setembro pois, segundo Wesley, j\u00e1 h\u00e1 eventos previstos nessas outras regi\u00f5es da cidade na data pretendida\u00a0inicialmente.<\/p>\n<p>O formato da parada tamb\u00e9m mudar\u00e1. &#8220;V\u00e3o sair os trios gigantescos e teremos pranch\u00f5es e minitrios al\u00e9m de possivelmente termos fanfarras. A ideia \u00e9 fazer com que as fam\u00edlias possivelmente voltem a prestigiar o evento. Temos a inten\u00e7\u00e3o de que a cidade volte a prestigiar o evento. Essa \u00e9 uma mudan\u00e7a provis\u00f3ria de ir para o Dique esse ano. Passado isso vamos tentar voltar para o antigo local, mas vamos aproveitar para testar o novo modelo&#8221;, explica o coordenador da parada.\u00a0 A ideia do novo formato foi inspirada no Furdun\u00e7o, movimento que acontece no Carnaval.<\/p>\n<p>A decis\u00e3o das mudan\u00e7as foi tomada nesta quarta-feira (7) em evento que envolveu a comunidade LGBTQIA+.<\/p>\n","protected":false},"excerpt":{"rendered":"<p>A maior celebra\u00e7\u00e3o da diversidade da Bahia mudar\u00e1 de endere\u00e7o em 2019. Ap\u00f3s 18 anos acontecendo no Campo Grande, a parada do orgulho LGBTQIA+ ser\u00e1 transferida [&hellip;]<\/p>\n","protected":false},"author":1,"featured_media":19880,"comment_status":"open","ping_status":"open","sticky":false,"template":"","format":"image","meta":{"footnotes":""},"categories":[80,9],"tags":[],"class_list":["post-19869","post","type-post","status-publish","format-image","has-post-thumbnail","hentry","category-home","category-me-orgulho","post_format-post-format-image"],"_links":{"self":[{"href":"https:\/\/blogs.correio24horas.com.br\/mesalte\/wp-json\/wp\/v2\/posts\/19869","targetHints":{"allow":["GET"]}}],"collection":[{"href":"https:\/\/blogs.correio24horas.com.br\/mesalte\/wp-json\/wp\/v2\/posts"}],"about":[{"href":"https:\/\/blogs.correio24horas.com.br\/mesalte\/wp-json\/wp\/v2\/types\/post"}],"author":[{"embeddable":true,"href":"https:\/\/blogs.correio24horas.com.br\/mesalte\/wp-json\/wp\/v2\/users\/1"}],"replies":[{"embeddable":true,"href":"https:\/\/blogs.correio24horas.com.br\/mesalte\/wp-json\/wp\/v2\/comments?post=19869"}],"version-history":[{"count":6,"href":"https:\/\/blogs.correio24horas.com.br\/mesalte\/wp-json\/wp\/v2\/posts\/19869\/revisions"}],"predecessor-version":[{"id":19879,"href":"https:\/\/blogs.correio24horas.com.br\/mesalte\/wp-json\/wp\/v2\/posts\/19869\/revisions\/19879"}],"wp:featuredmedia":[{"embeddable":true,"href":"https:\/\/blogs.correio24horas.com.br\/mesalte\/wp-json\/wp\/v2\/media\/19880"}],"wp:attachment":[{"href":"https:\/\/blogs.correio24horas.com.br\/mesalte\/wp-json\/wp\/v2\/media?parent=19869"}],"wp:term":[{"taxonomy":"category","embeddable":true,"href":"https:\/\/blogs.correio24horas.com.br\/mesalte\/wp-json\/wp\/v2\/categories?post=19869"},{"taxonomy":"post_tag","embeddable":true,"href":"https:\/\/blogs.correio24horas.com.br\/mesalte\/wp-json\/wp\/v2\/tags?post=19869"}],"curies":[{"name":"wp","href":"https:\/\/api.w.org\/{rel}","templated":true}]}}