{"id":19866,"date":"2019-08-07T16:20:26","date_gmt":"2019-08-07T19:20:26","guid":{"rendered":"http:\/\/blogs.correio24horas.com.br\/mesalte\/?p=19866"},"modified":"2019-08-08T07:50:08","modified_gmt":"2019-08-08T10:50:08","slug":"ivete-sangalo-tocara-na-micareta-salvador-em-outubro-claudia-leitte-sera-atracao-no-mesmo-dia","status":"publish","type":"post","link":"https:\/\/blogs.correio24horas.com.br\/mesalte\/ivete-sangalo-tocara-na-micareta-salvador-em-outubro-claudia-leitte-sera-atracao-no-mesmo-dia\/","title":{"rendered":"Ivete Sangalo tocar\u00e1 na Micareta Salvador em outubro; Claudia Leitte ser\u00e1 atra\u00e7\u00e3o no mesmo dia"},"content":{"rendered":"<p>Quem precisa esperar 2020 para pular Carnaval? Ningu\u00e9m! O grupo San Sebastian acaba de confirmar que Ivete Sangalo tamb\u00e9m tocar\u00e1 na Micareta Salvador que acontecer\u00e1 em outubro.<\/p>\n<p>Em junho a\u00a0cantora Anitta havia sido confirmada como atra\u00e7\u00e3o do evento que acontecer\u00e1 entre os dias 25 e 27 de outubro no Wet\u2019n Wild em Salvador.\u00a0A Micareta ter\u00e1 como mote a comemora\u00e7\u00e3o dos dez anos do grupo.<\/p>\n<p>Anitta tocar\u00e1 na sexta-feira (25) no mesmo dia em que a cantora Daniela Mercury se apresentar\u00e1.\u00a0&#8220;Estamos felizes com a confirma\u00e7\u00e3o de Ivete, nome que n\u00e3o poderia ficar de fora desse grande Carnaval fora de \u00e9poca. \u00c9 um grande desafio produzir um evento dessa dimens\u00e3o, mas \u00e9 muito gratificante contar com a confian\u00e7a de artistas do n\u00edvel dela, de Claudinha e de Anitta em nossos projetos&#8221;,\u00a0afirma Andr\u00e9 Gagliano, um dos s\u00f3cios do grupo San, que promete mais surpresas at\u00e9 outubro.<\/p>\n<p>J\u00e1 no s\u00e1bado (26), al\u00e9m de Ivete Sangalo, ser\u00e1 o dia da\u00a0<a href=\"https:\/\/blogs.correio24horas.com.br\/mesalte\/apos-parir-claudia-leitte-lancara-nova-turne-em-micareta-com-dois-dias-de-show-em-salvador\/\" target=\"_blank\">volta da cantora Claudia Leitte aos palcos ap\u00f3s o nascimento da sua terceira filha, Bela<\/a>. Claudia se apresentar\u00e1 no palco com o show da sua nova turn\u00ea. J\u00e1 no trio, nesse dia, haver\u00e1 apresenta\u00e7\u00e3o de da Babado Novo,no trio.<\/p>\n<p>No domingo (27), Claudia volta a se apresentar na micareta em um trio el\u00e9trico. Nesse dia, tamb\u00e9m haver\u00e1 apresenta\u00e7\u00e3o de Alinne Rosa, tamb\u00e9m no trio.<\/p>\n<p>Todos os dias, ap\u00f3s os shows haver\u00e3o festas com m\u00fasicas eletr\u00f4nicas. No primeiro dia serpa a Xlsior no final. No segundo dia haver\u00e1 a festa em homenagem aos dez anos da San com Djs. J\u00e1 no terceiro dia ap\u00f3s Claudia e Alinne haver\u00e1 a festa eletr\u00f4nica do selo Joy.<\/p>\n<p>Veja a programa\u00e7\u00e3o:<br \/>\n<img loading=\"lazy\" decoding=\"async\" class=\"aligncenter size-full wp-image-19536\" src=\"https:\/\/blogs.correio24h.com.br\/mesalte\/wp-content\/uploads\/2019\/06\/programacao.jpg\" sizes=\"auto, (max-width: 606px) 100vw, 606px\" srcset=\"https:\/\/blogs.correio24h.com.br\/mesalte\/wp-content\/uploads\/2019\/06\/programacao-300x124.jpg 300w, https:\/\/blogs.correio24h.com.br\/mesalte\/wp-content\/uploads\/2019\/06\/programacao-260x107.jpg 260w, https:\/\/blogs.correio24h.com.br\/mesalte\/wp-content\/uploads\/2019\/06\/programacao-150x62.jpg 150w, https:\/\/blogs.correio24h.com.br\/mesalte\/wp-content\/uploads\/2019\/06\/programacao.jpg 606w\" alt=\"programacao\" width=\"606\" height=\"250\" \/><\/p>\n<p>Clique\u00a0<a href=\"https:\/\/www.micaretasalvador.com\/\" target=\"_blank\">aqui<\/a>\u00a0para comprar seus abad\u00e1s.<\/p>\n<p>&nbsp;<\/p>\n","protected":false},"excerpt":{"rendered":"<p>Quem precisa esperar 2020 para pular Carnaval? Ningu\u00e9m! O grupo San Sebastian acaba de confirmar que Ivete Sangalo tamb\u00e9m tocar\u00e1 na Micareta Salvador que acontecer\u00e1 em [&hellip;]<\/p>\n","protected":false},"author":1,"featured_media":17495,"comment_status":"open","ping_status":"open","sticky":false,"template":"","format":"image","meta":{"footnotes":""},"categories":[28,80],"tags":[],"class_list":["post-19866","post","type-post","status-publish","format-image","has-post-thumbnail","hentry","category-farofa-digital","category-home","post_format-post-format-image"],"_links":{"self":[{"href":"https:\/\/blogs.correio24horas.com.br\/mesalte\/wp-json\/wp\/v2\/posts\/19866","targetHints":{"allow":["GET"]}}],"collection":[{"href":"https:\/\/blogs.correio24horas.com.br\/mesalte\/wp-json\/wp\/v2\/posts"}],"about":[{"href":"https:\/\/blogs.correio24horas.com.br\/mesalte\/wp-json\/wp\/v2\/types\/post"}],"author":[{"embeddable":true,"href":"https:\/\/blogs.correio24horas.com.br\/mesalte\/wp-json\/wp\/v2\/users\/1"}],"replies":[{"embeddable":true,"href":"https:\/\/blogs.correio24horas.com.br\/mesalte\/wp-json\/wp\/v2\/comments?post=19866"}],"version-history":[{"count":3,"href":"https:\/\/blogs.correio24horas.com.br\/mesalte\/wp-json\/wp\/v2\/posts\/19866\/revisions"}],"predecessor-version":[{"id":19884,"href":"https:\/\/blogs.correio24horas.com.br\/mesalte\/wp-json\/wp\/v2\/posts\/19866\/revisions\/19884"}],"wp:featuredmedia":[{"embeddable":true,"href":"https:\/\/blogs.correio24horas.com.br\/mesalte\/wp-json\/wp\/v2\/media\/17495"}],"wp:attachment":[{"href":"https:\/\/blogs.correio24horas.com.br\/mesalte\/wp-json\/wp\/v2\/media?parent=19866"}],"wp:term":[{"taxonomy":"category","embeddable":true,"href":"https:\/\/blogs.correio24horas.com.br\/mesalte\/wp-json\/wp\/v2\/categories?post=19866"},{"taxonomy":"post_tag","embeddable":true,"href":"https:\/\/blogs.correio24horas.com.br\/mesalte\/wp-json\/wp\/v2\/tags?post=19866"}],"curies":[{"name":"wp","href":"https:\/\/api.w.org\/{rel}","templated":true}]}}