{"id":19858,"date":"2019-08-06T08:30:52","date_gmt":"2019-08-06T11:30:52","guid":{"rendered":"http:\/\/blogs.correio24horas.com.br\/mesalte\/?p=19858"},"modified":"2019-08-06T08:30:52","modified_gmt":"2019-08-06T11:30:52","slug":"bahia-sedia-evento-da-onu-sobre-diversidade-transexual","status":"publish","type":"post","link":"https:\/\/blogs.correio24horas.com.br\/mesalte\/bahia-sedia-evento-da-onu-sobre-diversidade-transexual\/","title":{"rendered":"Bahia sedia evento da ONU sobre diversidade transexual"},"content":{"rendered":"<p>O Minist\u00e9rio P\u00fablico do Trabalho (MPT) na Bahia\u00a0sediar\u00e1 na pr\u00f3xima quarta-feira (07) atividade com a presen\u00e7a de transexuais de Salvador e Regi\u00e3o Metropolitana para marcar o encerramento do Programa de Mentorias da 1\u00aa Trans-Forma\u00e7\u00e3o de Salvador e regi\u00e3o metropolitana.<\/p>\n<p>O programa \u00e9 idealizado pela Organizado das Na\u00e7\u00f5es Unidas (ONU) no Brasil, a partir de campanhas feitas por entidades civis que atuam na defesa dos direitos da popula\u00e7\u00e3o LGBT. O evento ter\u00e1 in\u00edcio \u00e0s 13h30 no plen\u00e1rio do MPT na Bahia, localizado na Avenida Sete de Setembro, 2563, no Corredor da Vit\u00f3ria em Salvador.<\/p>\n<p>A procuradora do trabalho Larissa Lima atua no projeto Trans-Forma\u00e7\u00e3o como mentora da transsexual Karla Zhand de Jesus, ativista da Casa da Diversidade em Salvador. A mentoria \u00e9 uma das estrat\u00e9gias do projeto que oferece aos ativistas orienta\u00e7\u00e3o e suporte para atuarem junto \u00e0 sociedade na defensa dos direitos da popula\u00e7\u00e3o trans e na promo\u00e7\u00e3o da diversidade de g\u00eanero.<\/p>\n<p>A procuradora Valdirene de Assis tamb\u00e9m estar\u00e1 presente ao evento, representando a Coordenadoria de Promo\u00e7\u00e3o de Igualdade de Oportunidade e Elimina\u00e7\u00e3o da Discrimina\u00e7\u00e3o no Trabalho do MPT (Coordigualdade), bra\u00e7o do MPT que estabeleceu a parceria com a ONU para esta a\u00e7\u00e3o.<\/p>\n<p>O programa \u00e9 realizado pela ONU com apoio de Minist\u00e9rio P\u00fablico do Trabalho (MPT) e do governo da Bahia, em parceria com Associa\u00e7\u00e3o Baiana de Travestis, Transexuais e Transg\u00eaneros em A\u00e7\u00e3o (Atra\u00e7\u00e3o), Associa\u00e7\u00e3o Nacional de Travestis e Transexuais (Antra), Coletivo De Transs Para Frente, Instituto Brasileiro de Transmasculinidades (Ibrat) e Associa\u00e7\u00e3o Brasileira de L\u00e9sbicas, Gays, Bissexuais, Travestis, Transexuais e Intersexos (ABGLT).<\/p>\n","protected":false},"excerpt":{"rendered":"<p>O Minist\u00e9rio P\u00fablico do Trabalho (MPT) na Bahia\u00a0sediar\u00e1 na pr\u00f3xima quarta-feira (07) atividade com a presen\u00e7a de transexuais de Salvador e Regi\u00e3o Metropolitana para marcar o [&hellip;]<\/p>\n","protected":false},"author":1,"featured_media":0,"comment_status":"open","ping_status":"open","sticky":false,"template":"","format":"image","meta":{"footnotes":""},"categories":[80,11],"tags":[],"class_list":["post-19858","post","type-post","status-publish","format-image","hentry","category-home","category-me-informo","post_format-post-format-image"],"_links":{"self":[{"href":"https:\/\/blogs.correio24horas.com.br\/mesalte\/wp-json\/wp\/v2\/posts\/19858","targetHints":{"allow":["GET"]}}],"collection":[{"href":"https:\/\/blogs.correio24horas.com.br\/mesalte\/wp-json\/wp\/v2\/posts"}],"about":[{"href":"https:\/\/blogs.correio24horas.com.br\/mesalte\/wp-json\/wp\/v2\/types\/post"}],"author":[{"embeddable":true,"href":"https:\/\/blogs.correio24horas.com.br\/mesalte\/wp-json\/wp\/v2\/users\/1"}],"replies":[{"embeddable":true,"href":"https:\/\/blogs.correio24horas.com.br\/mesalte\/wp-json\/wp\/v2\/comments?post=19858"}],"version-history":[{"count":1,"href":"https:\/\/blogs.correio24horas.com.br\/mesalte\/wp-json\/wp\/v2\/posts\/19858\/revisions"}],"predecessor-version":[{"id":19859,"href":"https:\/\/blogs.correio24horas.com.br\/mesalte\/wp-json\/wp\/v2\/posts\/19858\/revisions\/19859"}],"wp:attachment":[{"href":"https:\/\/blogs.correio24horas.com.br\/mesalte\/wp-json\/wp\/v2\/media?parent=19858"}],"wp:term":[{"taxonomy":"category","embeddable":true,"href":"https:\/\/blogs.correio24horas.com.br\/mesalte\/wp-json\/wp\/v2\/categories?post=19858"},{"taxonomy":"post_tag","embeddable":true,"href":"https:\/\/blogs.correio24horas.com.br\/mesalte\/wp-json\/wp\/v2\/tags?post=19858"}],"curies":[{"name":"wp","href":"https:\/\/api.w.org\/{rel}","templated":true}]}}